{"id":58965,"date":"2026-04-30T15:27:38","date_gmt":"2026-04-30T15:27:38","guid":{"rendered":"https:\/\/www.parkinson.ca\/modifications-du-credit-dimpot-pour-personnes-handicapees-qui-touchent-la-communaute-parkinson\/"},"modified":"2026-04-30T15:34:38","modified_gmt":"2026-04-30T15:34:38","slug":"modifications-du-credit-dimpot-pour-personnes-handicapees-qui-touchent-la-communaute-parkinson","status":"publish","type":"post","link":"https:\/\/www.parkinson.ca\/fr\/modifications-du-credit-dimpot-pour-personnes-handicapees-qui-touchent-la-communaute-parkinson\/","title":{"rendered":"Modifications du cr\u00e9dit d&rsquo;imp\u00f4t pour personnes handicap\u00e9es qui touchent la communaut\u00e9 Parkinson"},"content":{"rendered":"\n<p>Le gouvernement f\u00e9d\u00e9ral a annonc\u00e9 une nouvelle encourageante qui devrait faciliter l&rsquo;acc\u00e8s au soutien financier pour les personnes vivant avec le Parkinson.<\/p>\n\n\n\n<h3 class=\"wp-block-heading\">Qu&rsquo;est-ce qui a chang\u00e9 ?<\/h3>\n\n\n\n<p>Le gouvernement a annonc\u00e9 son intention de <strong>simplifier et d&rsquo;acc\u00e9l\u00e9rer le processus de demande du cr\u00e9dit d&rsquo;imp\u00f4t pour personnes handicap\u00e9es (CIPH)<\/strong>. Il est important de noter que ce travail inclut sp\u00e9cifiquement <strong>les personnes vivant avec le Parkinson \u00e0 un stade avanc\u00e9<\/strong>, une reconnaissance significative des r\u00e9alit\u00e9s auxquelles notre communaut\u00e9 est confront\u00e9e. Ce changement reconna\u00eet que les personnes atteintes de le Parkinson \u00e0 un stade avanc\u00e9 satisfont d\u00e9j\u00e0 aux exigences du cr\u00e9dit, ce qui r\u00e9duit le fardeau de la preuve pour les cliniciens et les personnes qu&rsquo;ils soutiennent.<\/p>\n\n\n\n<p>Un plus grand nombre de professionnels de la sant\u00e9 pourront d\u00e9sormais appuyer les demandes de CIPH, notamment <strong>les infirmi\u00e8res praticiennes, les ergoth\u00e9rapeutes, les physioth\u00e9rapeutes, les psychologues et les orthophonistes<\/strong>. Il s&rsquo;agit d&rsquo;un changement important, car pour de nombreuses personnes vivant avec le Parkinson, ce sont ces professionnels qui comprennent le mieux l&rsquo;impact quotidien de la maladie.<\/p>\n\n\n\n<h3 class=\"wp-block-heading\">Pourquoi est-ce important ?<\/h3>\n\n\n\n<p>Le CIPH est plus qu&rsquo;un cr\u00e9dit d&rsquo;imp\u00f4t : c&rsquo;est une <strong>porte d&rsquo;acc\u00e8s \u00e0 des soutiens essentiels<\/strong>, notamment :<\/p>\n\n\n\n<ul style=\"padding-top:0;padding-bottom:0\" class=\"wp-block-list\">\n<li style=\"padding-top:var(--wp--preset--spacing--20);padding-bottom:var(--wp--preset--spacing--20)\">La Prestation canadienne pour les personnes handicap\u00e9es<\/li>\n\n\n\n<li style=\"padding-top:var(--wp--preset--spacing--20);padding-bottom:var(--wp--preset--spacing--20)\">Le R\u00e9gime enregistr\u00e9 d&rsquo;\u00e9pargne-invalidit\u00e9 (REEI)<\/li>\n\n\n\n<li style=\"padding-top:var(--wp--preset--spacing--20);padding-bottom:var(--wp--preset--spacing--20)\">D&rsquo;autres programmes f\u00e9d\u00e9raux de soutien aux personnes handicap\u00e9es<\/li>\n<\/ul>\n\n\n\n<p style=\"padding-top:var(--wp--preset--spacing--20);padding-bottom:var(--wp--preset--spacing--20)\">Pour de nombreuses personnes atteintes de le Parkinson, les obstacles \u00e0 l&rsquo;acc\u00e8s au CIPH ont signifi\u00e9 la perte compl\u00e8te d&rsquo;un soutien plus large. Ces changements pourraient ouvrir cette porte \u00e0 davantage de personnes vivant avec le Parkinson.<\/p>\n\n\n\n<h3 class=\"wp-block-heading\">Qu&rsquo;est-ce que cela pourrait signifier pour notre communaut\u00e9 ?<\/h3>\n\n\n\n<p>Nous entendons souvent dire que le processus du CIPH est compliqu\u00e9, long et difficile \u00e0 naviguer. Ces changements pourraient faciliter l&rsquo;obtention du soutien m\u00e9dical requis pour une demande, r\u00e9duire les d\u00e9lais, en particulier lorsque l&rsquo;acc\u00e8s aux m\u00e9decins est limit\u00e9, et aider davantage de personnes vivant avec le Parkinson \u00e0 pr\u00e9senter une demande avec succ\u00e8s et \u00e0 \u00eatre approuv\u00e9es. <strong>Il s&rsquo;agit d&rsquo;un pas positif dans la bonne direction et qui refl\u00e8te notre plaidoyer continu.<\/strong><\/p>\n\n\n\n<h3 class=\"wp-block-heading\">Qu&rsquo;est-ce qui doit encore changer ?<\/h3>\n\n\n\n<p>Bien que nous soyons encourag\u00e9s par ces progr\u00e8s, des obstacles demeurent. Ce n&rsquo;est pas la ligne d&rsquo;arriv\u00e9e. Les crit\u00e8res d&rsquo;admissibilit\u00e9 eux-m\u00eames n&rsquo;ont pas \u00e9t\u00e9 mis \u00e0 jour : ils ne refl\u00e8tent toujours pas pleinement la fa\u00e7on dont les sympt\u00f4mes de le Parkinson peuvent fluctuer ou progresser au fil du temps, en particulier avant d&rsquo;atteindre les stades avanc\u00e9s.<\/p>\n\n\n\n<p>M\u00eame avec un processus simplifi\u00e9, de nombreuses personnes atteintes de le Parkinson pourraient continuer \u00e0 faire face \u00e0 des difficult\u00e9s pour se qualifier, et l&rsquo;ARC peut toujours <strong>demander des renseignements suppl\u00e9mentaires \u00e0 sa discr\u00e9tion<\/strong>. Simplifier l&rsquo;acc\u00e8s est essentiel, mais un v\u00e9ritable acc\u00e8s signifie s&rsquo;assurer que toutes les personnes qui devraient \u00eatre admissibles le soient. C&rsquo;est l\u00e0 que nous continuerons \u00e0 concentrer notre plaidoyer.<\/p>\n\n\n\n<h3 class=\"wp-block-heading\">Qu&rsquo;est-ce que nous surveillons ?<\/h3>\n\n\n\n<p>Les d\u00e9tails sur le fonctionnement de ces changements sont encore limit\u00e9s. Nous surveillons de pr\u00e8s la fa\u00e7on dont le processus de demande sera simplifi\u00e9, \u00e0 quoi ressemblera un traitement plus rapide, comment ces professionnels de la sant\u00e9 alli\u00e9s seront soutenus dans leur r\u00f4le \u00e9largi, et comment le gouvernement d\u00e9finira le Parkinson \u00ab avanc\u00e9e ou grave \u00bb. Nous partagerons des mises \u00e0 jour au fur et \u00e0 mesure que de nouvelles informations seront disponibles.<\/p>\n\n\n\n<h3 class=\"wp-block-heading\">Le travail de plaidoyer continu de Parkinson Canada<\/h3>\n\n\n\n<p>Ce moment cr\u00e9e un v\u00e9ritable \u00e9lan pour fournir un soutien financier suppl\u00e9mentaire \u00e0 notre communaut\u00e9, et nous travaillons \u00e0 le renforcer. Nous plaidons pour des crit\u00e8res d&rsquo;admissibilit\u00e9 qui refl\u00e8tent les sympt\u00f4mes fluctuants et progressifs de le Parkinson. Nous collaborons avec les infirmi\u00e8res praticiennes, les ergoth\u00e9rapeutes, les physioth\u00e9rapeutes, les psychologues et les orthophonistes pour soutenir leur r\u00f4le \u00e9largi. Et nous continuons \u00e0 faire pression pour un syst\u00e8me \u00e9quitable, accessible et adapt\u00e9 aux maladies progressives.<\/p>\n\n\n\n<p>Il s&rsquo;agit d&rsquo;un pas dans la bonne direction et d&rsquo;un signe clair que le changement est en cours. Rendre le CIPH plus accessible pourrait aider davantage de personnes vivant avec le Parkinson \u00e0 obtenir le soutien financier \u00e9quitable dont elles ont besoin pour bien vivre. Nous continuerons \u00e0 faire pression pour que le syst\u00e8me fonctionne pleinement pour notre communaut\u00e9, et nous vous tiendrons inform\u00e9s tout au long du processus.<\/p>\n\n\n\n<div style=\"height:100px\" aria-hidden=\"true\" class=\"wp-block-spacer\"><\/div>\n","protected":false},"excerpt":{"rendered":"<p>Le gouvernement f\u00e9d\u00e9ral a annonc\u00e9 une nouvelle encourageante qui devrait faciliter l&rsquo;acc\u00e8s au soutien financier pour les personnes vivant avec le Parkinson. Qu&rsquo;est-ce qui a chang\u00e9 ? Le gouvernement a annonc\u00e9 son intention de simplifier et d&rsquo;acc\u00e9l\u00e9rer le processus de demande du cr\u00e9dit d&rsquo;imp\u00f4t pour personnes handicap\u00e9es (CIPH). Il est important de noter que ce [&hellip;]<\/p>\n","protected":false},"author":180,"featured_media":58967,"comment_status":"open","ping_status":"open","sticky":false,"template":"","format":"standard","meta":{"_acf_changed":false,"footnotes":""},"categories":[237,249,248],"tags":[],"audience":[283,342,343,344],"class_list":["post-58965","post","type-post","status-publish","format-standard","has-post-thumbnail","hentry","category-blogue-fr","category-la-communaute-parkinson","category-mieux-vivre-avec-la-maladie-de-parkinson","audience-carepartners","audience-health-care-and-research-professionals","audience-living-with-parkinsons","audience-newly-diagnosed"],"acf":[],"aioseo_notices":[],"_links":{"self":[{"href":"https:\/\/www.parkinson.ca\/fr\/wp-json\/wp\/v2\/posts\/58965","targetHints":{"allow":["GET"]}}],"collection":[{"href":"https:\/\/www.parkinson.ca\/fr\/wp-json\/wp\/v2\/posts"}],"about":[{"href":"https:\/\/www.parkinson.ca\/fr\/wp-json\/wp\/v2\/types\/post"}],"author":[{"embeddable":true,"href":"https:\/\/www.parkinson.ca\/fr\/wp-json\/wp\/v2\/users\/180"}],"replies":[{"embeddable":true,"href":"https:\/\/www.parkinson.ca\/fr\/wp-json\/wp\/v2\/comments?post=58965"}],"version-history":[{"count":2,"href":"https:\/\/www.parkinson.ca\/fr\/wp-json\/wp\/v2\/posts\/58965\/revisions"}],"predecessor-version":[{"id":58969,"href":"https:\/\/www.parkinson.ca\/fr\/wp-json\/wp\/v2\/posts\/58965\/revisions\/58969"}],"wp:featuredmedia":[{"embeddable":true,"href":"https:\/\/www.parkinson.ca\/fr\/wp-json\/wp\/v2\/media\/58967"}],"wp:attachment":[{"href":"https:\/\/www.parkinson.ca\/fr\/wp-json\/wp\/v2\/media?parent=58965"}],"wp:term":[{"taxonomy":"category","embeddable":true,"href":"https:\/\/www.parkinson.ca\/fr\/wp-json\/wp\/v2\/categories?post=58965"},{"taxonomy":"post_tag","embeddable":true,"href":"https:\/\/www.parkinson.ca\/fr\/wp-json\/wp\/v2\/tags?post=58965"},{"taxonomy":"audience","embeddable":true,"href":"https:\/\/www.parkinson.ca\/fr\/wp-json\/wp\/v2\/audience?post=58965"}],"curies":[{"name":"wp","href":"https:\/\/api.w.org\/{rel}","templated":true}]}}