{"id":58531,"date":"2026-04-03T11:00:00","date_gmt":"2026-04-03T11:00:00","guid":{"rendered":"https:\/\/www.parkinson.ca\/?p=58531"},"modified":"2026-04-01T16:36:04","modified_gmt":"2026-04-01T16:36:04","slug":"des-organisations-canadiennes-dediees-aux-troubles-du-mouvement-sunissent-pour-former-la-prochaine-generation-de-specialistes","status":"publish","type":"post","link":"https:\/\/www.parkinson.ca\/fr\/des-organisations-canadiennes-dediees-aux-troubles-du-mouvement-sunissent-pour-former-la-prochaine-generation-de-specialistes\/","title":{"rendered":"Des organisations canadiennes d\u00e9di\u00e9es aux troubles du mouvement s\u2019unissent pour former la prochaine g\u00e9n\u00e9ration de sp\u00e9cialistes"},"content":{"rendered":"\n<p>Parkinson Canada, la Dystonia Medical Research Foundation Canada et la Huntington Society of Canada sont heureuses de lancer le <strong>Programme de formation postdoctorale en troubles du mouvement<\/strong>. Cette initiative collaborative r\u00e9unit trois des principales organisations canadiennes sp\u00e9cialis\u00e9es dans les troubles du mouvement afin de r\u00e9pondre \u00e0 la p\u00e9nurie critique de cliniciens sp\u00e9cialis\u00e9s form\u00e9s \u00e0 la prise en charge globale de troubles neurologiques complexes.<\/p>\n\n\n\n<p>Ce partenariat met en place un programme de fellowship cofinanc\u00e9 visant \u00e0 former la prochaine g\u00e9n\u00e9ration de sp\u00e9cialistes des troubles du mouvement, qui soutiendront les communaut\u00e9s partout au Canada. En mettant en commun leurs ressources et leur expertise, ces organisations offriront une formation compl\u00e8te couvrant l\u2019ensemble du spectre des troubles du mouvement, en veillant \u00e0 ce que les fellows soient expos\u00e9s \u00e0 la maladie de Parkinson, \u00e0 la dystonie, \u00e0 la maladie de Huntington et \u00e0 des affections connexes. <\/p>\n\n\n\n<h3 class=\"wp-block-heading\">Investir dans l\u2019excellence clinique<\/h3>\n\n\n\n<p>Gr\u00e2ce \u00e0 cette collaboration, les partenaires cofinanceront un fellowship clinique en 2026-2027, en accordant 80\u202f000 $ pour soutenir une candidate exceptionnelle suivant une formation sp\u00e9cialis\u00e9e en troubles du mouvement. Nous sommes heureux d\u2019attribuer conjointement ce fellowship \u00e0 Blanche Perraud, qui se formera dans l\u2019un des principaux \u00e9tablissements sp\u00e9cialis\u00e9s dans les troubles du mouvement. <\/p>\n\n\n\n<p>Cet investissement important permettra aux fellows d\u2019acqu\u00e9rir une exp\u00e9rience pratique dans des centres universitaires canadiens de premier plan, tout en d\u00e9veloppant une expertise en diagnostic, en traitement et en meilleures pratiques de soins pour plusieurs affections li\u00e9es aux troubles du mouvement.<\/p>\n\n\n\n<p>Le programme r\u00e9pond \u00e0 un besoin crucial dans le paysage des soins de sant\u00e9 au Canada, o\u00f9 de nombreux patients atteints de troubles du mouvement font face \u00e0 de longs d\u00e9lais d\u2019attente et \u00e0 un acc\u00e8s limit\u00e9 \u00e0 des soins sp\u00e9cialis\u00e9s.<\/p>\n\n\n\n<h3 class=\"wp-block-heading\">Une vision unifi\u00e9e pour de meilleurs soins<\/h3>\n\n\n\n<div style=\"height:100px\" aria-hidden=\"true\" class=\"wp-block-spacer is-style-responsive-xsmall\"><\/div>\n\n\n\n<blockquote class=\"wp-block-quote is-layout-flow wp-block-quote-is-layout-flow\">\n<p>\u00ab L\u2019acc\u00e8s \u00e0 des soins sp\u00e9cialis\u00e9s pour les troubles du mouvement demeure un d\u00e9fi majeur pour de nombreuses personnes partout au Canada. En travaillant ensemble pour soutenir la formation clinique postdoctorale, nos organisations investissent dans les sp\u00e9cialistes qui am\u00e9lioreront le diagnostic, le traitement et les soins \u00e0 long terme pour les Canadiens vivant avec des troubles du mouvement \u00bb,<\/p>\n<\/blockquote>\n\n\n\n<p class=\"has-text-align-center has-contrast-color has-text-color has-link-color has-medium-font-size wp-elements-01ca11f832db2ab17d6a357ce662884b\"><strong>\u2013 Ko Currie, directeur des programmes de recherche et des partenariats, Parkinson Canada<\/strong><\/p>\n\n\n\n<div style=\"height:100px\" aria-hidden=\"true\" class=\"wp-block-spacer is-style-responsive-xsmall\"><\/div>\n\n\n\n<p>\u00ab Des collaborations comme celle-ci sont particuli\u00e8rement importantes pour des communaut\u00e9s plus petites comme celle de la dystonie \u00bb, <strong>d\u00e9clare Archana Castelino, directrice nationale de la Fondation pour la recherche m\u00e9dicale sur la dystonie au Canada.<\/strong> \u00ab Ensemble, nous \u00e9largissons les possibilit\u00e9s de formation pour les futurs sp\u00e9cialistes des troubles du mouvement et \u00e9conomisons un temps pr\u00e9cieux ainsi que d\u2019autres ressources pour les fellows et les \u00e9tablissements d\u2019accueil. Alors que DMRF Canada souligne 50 ans de progr\u00e8s en mati\u00e8re de soins et de recherche sur la dystonie, nous demeurons d\u00e9termin\u00e9s \u00e0 poursuivre ce travail aux c\u00f4t\u00e9s de nos partenaires. \u00bb<\/p>\n\n\n\n<p>\u00ab S\u2019associer \u00e0 d\u2019autres organisations canadiennes de premier plan sp\u00e9cialis\u00e9es dans les troubles du mouvement pour former la prochaine g\u00e9n\u00e9ration de cliniciens constitue un pas de g\u00e9ant vers un mod\u00e8le plus collaboratif de soins de sant\u00e9 am\u00e9lior\u00e9s pour les Canadiens \u00bb, <strong>d\u00e9clare Shelly Redman, PDG de l\u2019Association Huntington du Canada.<\/strong> \u00ab Nous sommes ravis d\u2019avoir un impact positif sur le niveau de soins que recevront les Canadiens atteints de troubles du mouvement. \u00bb<\/p>\n\n\n\n<h3 class=\"wp-block-heading\">Renforcer la communaut\u00e9 des troubles du mouvement<\/h3>\n\n\n\n<p>Ce partenariat refl\u00e8te une reconnaissance croissante du fait que les troubles du mouvement partagent des caract\u00e9ristiques, des d\u00e9fis et des besoins en mati\u00e8re de soins communs. En travaillant ensemble, les trois organisations peuvent maximiser leur impact tout en r\u00e9duisant le d\u00e9doublement des efforts, au b\u00e9n\u00e9fice de toutes les personnes touch\u00e9es par des troubles du mouvement partout au Canada. <\/p>\n\n\n\n<p>Cette collaboration \u00e9tablit un pr\u00e9c\u00e9dent puissant quant \u00e0 la mani\u00e8re dont des organisations ax\u00e9es sur des maladies sp\u00e9cifiques peuvent travailler ensemble pour relever des d\u00e9fis communs et faire progresser les soins pour toutes les personnes vivant avec des troubles du mouvement partout au Canada. En investissant dans la prochaine g\u00e9n\u00e9ration de sp\u00e9cialistes, Parkinson Canada, la Fondation canadienne pour la recherche m\u00e9dicale sur la dystonie et l&rsquo;Association de la maladie de Huntington du Canada b\u00e2tissent un syst\u00e8me de soins plus solide et mieux int\u00e9gr\u00e9, dont les patients et les familles b\u00e9n\u00e9ficieront pendant des ann\u00e9es.<\/p>\n\n\n\n<div style=\"height:100px\" aria-hidden=\"true\" class=\"wp-block-spacer is-style-responsive-xsmall\"><\/div>\n\n\n\n<p><em>Pour en savoir plus sur le Programme de formation postdoctorale en troubles du mouvement, veuillez consulter :<\/em><\/p>\n\n\n\n<ul class=\"wp-block-list\">\n<li><a href=\"https:\/\/www.parkinson.ca\/research\/\" title=\"Notre page sur la recherche\">Notre page sur la recherche<\/a><\/li>\n\n\n\n<li><a href=\"https:\/\/dystoniacanada.org\/fr\/node\/1750\" title=\"La Fondation de Recherche M\u00e9dicale sur la Dystonie Canada\">L<em>a Fondation de Recherche M\u00e9dicale sur la Dystonie Canada<\/em><\/a><\/li>\n\n\n\n<li><em><a href=\"https:\/\/www.huntingtonsociety.ca\/language\/fr\/\" target=\"_blank\" rel=\"noopener\" title=\"\">Soci\u00e9t\u00e9 Huntington du Canada<\/a><\/em><\/li>\n<\/ul>\n\n\n\n<div style=\"height:100px\" aria-hidden=\"true\" class=\"wp-block-spacer\"><\/div>\n","protected":false},"excerpt":{"rendered":"<p>Parkinson Canada, la Dystonia Medical Research Foundation Canada et la Huntington Society of Canada sont heureuses de lancer le Programme de formation postdoctorale en troubles du mouvement. Cette initiative collaborative r\u00e9unit trois des principales organisations canadiennes sp\u00e9cialis\u00e9es dans les troubles du mouvement afin de r\u00e9pondre \u00e0 la p\u00e9nurie critique de cliniciens sp\u00e9cialis\u00e9s form\u00e9s \u00e0 la [&hellip;]<\/p>\n","protected":false},"author":180,"featured_media":58533,"comment_status":"open","ping_status":"open","sticky":false,"template":"","format":"standard","meta":{"_acf_changed":false,"footnotes":""},"categories":[354,237,246],"tags":[],"audience":[342],"class_list":["post-58531","post","type-post","status-publish","format-standard","has-post-thumbnail","hentry","category-anglais","category-blogue-fr","category-recherche-blog","audience-health-care-and-research-professionals"],"acf":[],"aioseo_notices":[],"_links":{"self":[{"href":"https:\/\/www.parkinson.ca\/fr\/wp-json\/wp\/v2\/posts\/58531","targetHints":{"allow":["GET"]}}],"collection":[{"href":"https:\/\/www.parkinson.ca\/fr\/wp-json\/wp\/v2\/posts"}],"about":[{"href":"https:\/\/www.parkinson.ca\/fr\/wp-json\/wp\/v2\/types\/post"}],"author":[{"embeddable":true,"href":"https:\/\/www.parkinson.ca\/fr\/wp-json\/wp\/v2\/users\/180"}],"replies":[{"embeddable":true,"href":"https:\/\/www.parkinson.ca\/fr\/wp-json\/wp\/v2\/comments?post=58531"}],"version-history":[{"count":5,"href":"https:\/\/www.parkinson.ca\/fr\/wp-json\/wp\/v2\/posts\/58531\/revisions"}],"predecessor-version":[{"id":58576,"href":"https:\/\/www.parkinson.ca\/fr\/wp-json\/wp\/v2\/posts\/58531\/revisions\/58576"}],"wp:featuredmedia":[{"embeddable":true,"href":"https:\/\/www.parkinson.ca\/fr\/wp-json\/wp\/v2\/media\/58533"}],"wp:attachment":[{"href":"https:\/\/www.parkinson.ca\/fr\/wp-json\/wp\/v2\/media?parent=58531"}],"wp:term":[{"taxonomy":"category","embeddable":true,"href":"https:\/\/www.parkinson.ca\/fr\/wp-json\/wp\/v2\/categories?post=58531"},{"taxonomy":"post_tag","embeddable":true,"href":"https:\/\/www.parkinson.ca\/fr\/wp-json\/wp\/v2\/tags?post=58531"},{"taxonomy":"audience","embeddable":true,"href":"https:\/\/www.parkinson.ca\/fr\/wp-json\/wp\/v2\/audience?post=58531"}],"curies":[{"name":"wp","href":"https:\/\/api.w.org\/{rel}","templated":true}]}}