{"id":58220,"date":"2026-03-30T16:32:52","date_gmt":"2026-03-30T16:32:52","guid":{"rendered":"https:\/\/www.parkinson.ca\/?p=58220"},"modified":"2026-03-30T17:13:29","modified_gmt":"2026-03-30T17:13:29","slug":"a-quoi-ressemblent-les-soins-appropries","status":"publish","type":"post","link":"https:\/\/www.parkinson.ca\/fr\/a-quoi-ressemblent-les-soins-appropries\/","title":{"rendered":"\u00c0 quoi ressemblent les soins appropri\u00e9s"},"content":{"rendered":"\n<div class=\"wp-block-group is-layout-constrained wp-block-group-is-layout-constrained\">\n<p>Les femmes atteintes de la maladie de Parkinson sont moins susceptibles de recevoir un traitement en temps opportun ou de voir leurs sympt\u00f4mes pleinement entendus et compris. L&rsquo;histoire d&rsquo;Elizabeth montre \u00e0 quel point les soins peuvent se d\u00e9rouler diff\u00e9remment lorsqu&rsquo;une personne atteint enfin un sp\u00e9cialiste qui reconna\u00eet ses besoins \u2014 et combien de possibilit\u00e9s reviennent lorsque personne n&rsquo;est laiss\u00e9 dans l&rsquo;attente. <\/p>\n<\/div>\n\n\n\n<div style=\"height:100px\" aria-hidden=\"true\" class=\"wp-block-spacer is-style-responsive-xsmall\"><\/div>\n\n\n\n<div class=\"wp-block-columns is-layout-flex wp-container-core-columns-is-layout-9d6595d7 wp-block-columns-is-layout-flex\">\n<div class=\"wp-block-column is-layout-flow wp-block-column-is-layout-flow\" style=\"flex-basis:33.33%\">\n<figure class=\"wp-block-image size-full\"><img loading=\"lazy\" decoding=\"async\" width=\"2115\" height=\"2176\" src=\"https:\/\/www.parkinson.ca\/wp-content\/uploads\/2026\/03\/Elizabeth-on-a-bench.jpg\" alt=\"\" class=\"wp-image-57839\" srcset=\"https:\/\/www.parkinson.ca\/wp-content\/uploads\/2026\/03\/Elizabeth-on-a-bench.jpg 2115w, https:\/\/www.parkinson.ca\/wp-content\/uploads\/2026\/03\/Elizabeth-on-a-bench-292x300.jpg 292w, https:\/\/www.parkinson.ca\/wp-content\/uploads\/2026\/03\/Elizabeth-on-a-bench-995x1024.jpg 995w, https:\/\/www.parkinson.ca\/wp-content\/uploads\/2026\/03\/Elizabeth-on-a-bench-768x790.jpg 768w, https:\/\/www.parkinson.ca\/wp-content\/uploads\/2026\/03\/Elizabeth-on-a-bench-426x438.jpg 426w, https:\/\/www.parkinson.ca\/wp-content\/uploads\/2026\/03\/Elizabeth-on-a-bench-1050x1080.jpg 1050w, https:\/\/www.parkinson.ca\/wp-content\/uploads\/2026\/03\/Elizabeth-on-a-bench-50x50.jpg 50w, https:\/\/www.parkinson.ca\/wp-content\/uploads\/2026\/03\/Elizabeth-on-a-bench-97x100.jpg 97w\" sizes=\"auto, (max-width: 2115px) 100vw, 2115px\" \/><\/figure>\n<\/div>\n\n\n\n<div class=\"wp-block-column is-layout-flow wp-block-column-is-layout-flow\" style=\"flex-basis:66.66%\">\n<div class=\"wp-block-group is-layout-constrained wp-block-group-is-layout-constrained\">\n<h3 class=\"wp-block-heading\"><strong><strong><strong><strong><strong>L&rsquo;histoire d&rsquo;Elizabeth<\/strong><\/strong><\/strong><\/strong> <\/strong><\/h3>\n\n\n\n<p>Je suis Elizabeth Rigley, infirmi\u00e8re autoris\u00e9e. Tout au long de ma carri\u00e8re, en visitant des \u00e9tablissements de soins de longue dur\u00e9e partout en Ontario, j&rsquo;ai rencontr\u00e9 de nombreuses personnes vivant avec la maladie de Parkinson et j&rsquo;ai compris le langage clinique, les parcours de traitement et les pressions du syst\u00e8me. Je suis \u00e9galement \u00e9pouse, m\u00e8re de trois enfants et fi\u00e8re grand-m\u00e8re de cinq petits-enfants. \u00c0 la fin de la soixantaine, j&rsquo;\u00e9tais active, engag\u00e9e et je venais d&rsquo;\u00e9crire un livre sur la sant\u00e9 des femmes. Puis la maladie de Parkinson est entr\u00e9e dans ma vie d&rsquo;une mani\u00e8re que je n&rsquo;avais jamais imagin\u00e9e.    <\/p>\n<\/div>\n<\/div>\n<\/div>\n\n\n\n<div class=\"wp-block-group is-layout-constrained wp-block-group-is-layout-constrained\">\n<blockquote class=\"wp-block-quote is-layout-flow wp-block-quote-is-layout-flow\">\n<p>\u00ab La maladie de Parkinson est entr\u00e9e dans ma vie d&rsquo;une mani\u00e8re que je n&rsquo;avais jamais imagin\u00e9e. \u00bb<\/p>\n<\/blockquote>\n\n\n\n<div style=\"height:100px\" aria-hidden=\"true\" class=\"wp-block-spacer is-style-responsive-xsmall\"><\/div>\n\n\n\n<h3 class=\"wp-block-heading\"><strong><strong><strong><strong>Quand l&rsquo;acc\u00e8s d\u00e9pend de la g\u00e9ographie<\/strong> <\/strong><\/strong><\/strong><\/h3>\n\n\n\n<p class=\"has-contrast-color has-text-color has-link-color has-regular-font-size wp-elements-a2c3412ed39bbc1c8e11b9e8bc6e043c\">J&rsquo;ai d&rsquo;abord remarqu\u00e9 un tremblement dans ma jambe, mais je me suis convaincue que ce n&rsquo;\u00e9tait rien de grave. Lorsqu&rsquo;il a persist\u00e9, mon m\u00e9decin de famille m&rsquo;a rassur\u00e9e, mais j&rsquo;ai finalement \u00e9t\u00e9 orient\u00e9e vers une clinique des troubles du mouvement et j&rsquo;ai re\u00e7u un diagnostic de maladie de Parkinson \u00e0 68 ans.  <\/p>\n\n\n\n<p class=\"has-sky-blue-color has-text-color has-link-color has-regular-font-size wp-elements-dd07da5e85f3a4b93fdf914efaec9d4e\"><strong>Avec le recul, je sais \u00e0 quel point j&rsquo;ai eu de la chance d&rsquo;atteindre rapidement un sp\u00e9cialiste et de vivre pr\u00e8s des soins dont j&rsquo;avais besoin.<\/strong><\/p>\n\n\n\n<p class=\"has-contrast-color has-text-color has-link-color has-regular-font-size wp-elements-c009825cb51a965c81b4db6ded5d2cb2\">Au fur et \u00e0 mesure que mes sympt\u00f4mes progressaient, les m\u00e9dicaments m&rsquo;ont aid\u00e9e mais ne contr\u00f4laient pas compl\u00e8tement mes tremblements, et les effets secondaires m&rsquo;ont finalement emp\u00each\u00e9e de pratiquer des activit\u00e9s que j&rsquo;aimais. Je savais que la stimulation c\u00e9r\u00e9brale profonde (SCP) pourrait m&rsquo;aider, mais elle n\u00e9cessitait un d\u00e9pistage approfondi et une \u00e9quipe sp\u00e9cialis\u00e9e. J&rsquo;ai suivi ce processus et j&rsquo;ai subi une intervention chirurgicale \u00e0 73 ans. Je pense souvent aux personnes qui attendent encore des r\u00e9f\u00e9rences, des \u00e9valuations ou un traitement \u2014 et \u00e0 quel point leur vie peut \u00eatre fa\u00e7onn\u00e9e par ces retards.   <\/p>\n<\/div>\n\n\n\n<div class=\"wp-block-group is-layout-constrained wp-block-group-is-layout-constrained\">\n<h3 class=\"wp-block-heading\"><strong><strong><strong><strong><strong><strong>Retrouver ce qui compte<\/strong><\/strong><\/strong><\/strong><\/strong><\/strong><\/h3>\n\n\n\n<p>L&rsquo;intervention chirurgicale et la r\u00e9cup\u00e9ration ont \u00e9t\u00e9 exigeantes, et il a fallu des mois de programmation minutieuse pour atteindre la \u00ab fen\u00eatre th\u00e9rapeutique \u00bb, mais progressivement je suis devenue plus forte et j&rsquo;ai ressenti un sentiment renouvel\u00e9 de possibilit\u00e9s. Aujourd&rsquo;hui, je joue encore au golf, je fais du v\u00e9lo, je passe du temps avec mes amis et ma famille, et je joue m\u00eame du piano plus facilement \u2014 j&rsquo;ai enfin retrouv\u00e9 ma confiance. <\/p>\n\n\n\n<p class=\"has-sky-blue-color has-text-color has-link-color wp-elements-a3385a47c336999dea8be7af91493efe\"><strong>La SCP n&rsquo;est pas un rem\u00e8de, et je ressens toujours des sympt\u00f4mes non moteurs comme la fatigue, les troubles du sommeil et les changements dans ma voix, mais l&rsquo;am\u00e9lioration de ma qualit\u00e9 de vie est profonde. <\/strong><\/p>\n\n\n\n<p>Avec le soutien de ma clinique des troubles du mouvement, d&rsquo;une infirmi\u00e8re sp\u00e9cialis\u00e9e en SCP et de ressources comme le CareFinder de Parkinson Canada, j&rsquo;ai acc\u00e9d\u00e9 \u00e0 des th\u00e9rapies et \u00e0 une communaut\u00e9 qui m&rsquo;aident \u00e0 continuer de vivre pleinement. Mon exp\u00e9rience montre ce qui est possible lorsque les soins appropri\u00e9s arrivent au bon moment \u2014 et pourquoi ce soutien devrait \u00eatre \u00e0 la port\u00e9e de tous. <\/p>\n<\/div>\n\n\n\n<div style=\"height:100px\" aria-hidden=\"true\" class=\"wp-block-spacer is-style-responsive-xsmall\"><\/div>\n\n\n\n<h4 class=\"wp-block-heading has-blue-color has-text-color has-link-color wp-elements-dc637d00de1673fe446116a8c00ed21e\"><em>Cette histoire est partag\u00e9e gr\u00e2ce au courage et au d\u00e9vouement d&rsquo;Elizabeth Rigley.<\/em> <\/h4>\n\n\n\n<p><strong><strong>B\u00e2tir<em> <\/em>des soins illimit\u00e9s pour la maladie de Parkinson<\/strong> <\/strong><\/p>\n\n\n\n<p>L&rsquo;exp\u00e9rience d&rsquo;Elizabeth montre ce qui devient possible lorsque des soins sp\u00e9cialis\u00e9s et opportuns pour la maladie de Parkinson sont enfin \u00e0 port\u00e9e de main \u2014 et \u00e0 quel point ils peuvent restaurer profond\u00e9ment la confiance, la stabilit\u00e9 et la joie quotidienne. Pourtant, l&rsquo;acc\u00e8s aux neurologues et aux traitements avanc\u00e9s demeure in\u00e9gal partout au Canada, laissant de nombreuses personnes confront\u00e9es \u00e0 de longues attentes ou \u00e0 de longs d\u00e9placements pour obtenir les soins qui soutiennent leur qualit\u00e9 de vie. Des soins illimit\u00e9s pour la maladie de Parkinson signifient garantir que chacun puisse acc\u00e9der aux soins appropri\u00e9s, au bon endroit, au bon moment \u2014 pas seulement ceux qui ont la chance de vivre \u00e0 proximit\u00e9.  <\/p>\n\n\n\n<div style=\"height:100px\" aria-hidden=\"true\" class=\"wp-block-spacer is-style-responsive-small\"><\/div>\n\n\n\n<p><strong>Aidez \u00e0 garantir que les soins ne soient pas d\u00e9finis par la g\u00e9ographie. Rejoignez le mouvement pour le changement.  Visitez  <\/strong><a href=\"https:\/\/www.parkinson.ca\/fr\/msmp\/\" target=\"_blank\" rel=\"noreferrer noopener\"><strong>www.parkinson.ca\/fr\/msmp<\/strong><\/a><\/p>\n\n\n\n<div style=\"height:100px\" aria-hidden=\"true\" class=\"wp-block-spacer is-style-responsive-small\"><\/div>\n\n\n\n<figure class=\"wp-block-image size-full\"><a href=\"https:\/\/www.parkinson.ca\/fr\/msmp\/\"><img loading=\"lazy\" decoding=\"async\" width=\"1000\" height=\"400\" src=\"https:\/\/www.parkinson.ca\/wp-content\/uploads\/2026\/03\/pam-2026-web-footer-1.png\" alt=\"\" class=\"wp-image-58176\" srcset=\"https:\/\/www.parkinson.ca\/wp-content\/uploads\/2026\/03\/pam-2026-web-footer-1.png 1000w, https:\/\/www.parkinson.ca\/wp-content\/uploads\/2026\/03\/pam-2026-web-footer-1-300x120.png 300w, https:\/\/www.parkinson.ca\/wp-content\/uploads\/2026\/03\/pam-2026-web-footer-1-768x307.png 768w, https:\/\/www.parkinson.ca\/wp-content\/uploads\/2026\/03\/pam-2026-web-footer-1-426x170.png 426w, https:\/\/www.parkinson.ca\/wp-content\/uploads\/2026\/03\/pam-2026-web-footer-1-50x20.png 50w, https:\/\/www.parkinson.ca\/wp-content\/uploads\/2026\/03\/pam-2026-web-footer-1-100x40.png 100w\" sizes=\"auto, (max-width: 1000px) 100vw, 1000px\" \/><\/a><\/figure>\n\n\n\n<div style=\"height:100px\" aria-hidden=\"true\" class=\"wp-block-spacer\"><\/div>\n","protected":false},"excerpt":{"rendered":"<p>Les femmes atteintes de la maladie de Parkinson sont moins susceptibles de recevoir un traitement en temps opportun ou de voir leurs sympt\u00f4mes pleinement entendus et compris. L&rsquo;histoire d&rsquo;Elizabeth montre \u00e0 quel point les soins peuvent se d\u00e9rouler diff\u00e9remment lorsqu&rsquo;une personne atteint enfin un sp\u00e9cialiste qui reconna\u00eet ses besoins \u2014 et combien de possibilit\u00e9s reviennent [&hellip;]<\/p>\n","protected":false},"author":180,"featured_media":58241,"comment_status":"closed","ping_status":"closed","sticky":false,"template":"","format":"standard","meta":{"_acf_changed":false,"footnotes":""},"categories":[237,249,248,349],"tags":[],"audience":[343,344],"class_list":["post-58220","post","type-post","status-publish","format-standard","has-post-thumbnail","hentry","category-blogue-fr","category-la-communaute-parkinson","category-mieux-vivre-avec-la-maladie-de-parkinson","category-temoignages","audience-living-with-parkinsons","audience-newly-diagnosed"],"acf":[],"aioseo_notices":[],"_links":{"self":[{"href":"https:\/\/www.parkinson.ca\/fr\/wp-json\/wp\/v2\/posts\/58220","targetHints":{"allow":["GET"]}}],"collection":[{"href":"https:\/\/www.parkinson.ca\/fr\/wp-json\/wp\/v2\/posts"}],"about":[{"href":"https:\/\/www.parkinson.ca\/fr\/wp-json\/wp\/v2\/types\/post"}],"author":[{"embeddable":true,"href":"https:\/\/www.parkinson.ca\/fr\/wp-json\/wp\/v2\/users\/180"}],"replies":[{"embeddable":true,"href":"https:\/\/www.parkinson.ca\/fr\/wp-json\/wp\/v2\/comments?post=58220"}],"version-history":[{"count":4,"href":"https:\/\/www.parkinson.ca\/fr\/wp-json\/wp\/v2\/posts\/58220\/revisions"}],"predecessor-version":[{"id":58343,"href":"https:\/\/www.parkinson.ca\/fr\/wp-json\/wp\/v2\/posts\/58220\/revisions\/58343"}],"wp:featuredmedia":[{"embeddable":true,"href":"https:\/\/www.parkinson.ca\/fr\/wp-json\/wp\/v2\/media\/58241"}],"wp:attachment":[{"href":"https:\/\/www.parkinson.ca\/fr\/wp-json\/wp\/v2\/media?parent=58220"}],"wp:term":[{"taxonomy":"category","embeddable":true,"href":"https:\/\/www.parkinson.ca\/fr\/wp-json\/wp\/v2\/categories?post=58220"},{"taxonomy":"post_tag","embeddable":true,"href":"https:\/\/www.parkinson.ca\/fr\/wp-json\/wp\/v2\/tags?post=58220"},{"taxonomy":"audience","embeddable":true,"href":"https:\/\/www.parkinson.ca\/fr\/wp-json\/wp\/v2\/audience?post=58220"}],"curies":[{"name":"wp","href":"https:\/\/api.w.org\/{rel}","templated":true}]}}