{"id":58204,"date":"2026-03-30T16:31:39","date_gmt":"2026-03-30T16:31:39","guid":{"rendered":"https:\/\/www.parkinson.ca\/?p=58204"},"modified":"2026-04-23T20:45:53","modified_gmt":"2026-04-23T20:45:53","slug":"une-vie-batie-sur-un-sens-et-animee-par-la-joie","status":"publish","type":"post","link":"https:\/\/www.parkinson.ca\/fr\/une-vie-batie-sur-un-sens-et-animee-par-la-joie\/","title":{"rendered":"Une vie b\u00e2tie sur un sens \u2014 et anim\u00e9e par la joie"},"content":{"rendered":"\n<div class=\"wp-block-group is-layout-constrained wp-block-group-is-layout-constrained\">\n<p><strong>Au Canada, plus de 120 000 personnes vivent avec la maladie de Parkinson \u2014 un nombre qui devrait atteindre 150 000 d&rsquo;ici 2034<\/strong>. Pourtant, trop de personnes sont encore confront\u00e9es \u00e0 des retards, \u00e0 des sympt\u00f4mes non d\u00e9tect\u00e9s ou \u00e0 des soins dict\u00e9s par la g\u00e9ographie plut\u00f4t que par le besoin. L&rsquo;histoire de David montre \u00e0 quel point les premiers signes peuvent \u00eatre facilement n\u00e9glig\u00e9s \u2014 et combien de pers\u00e9v\u00e9rance est n\u00e9cessaire pour obtenir les soins sp\u00e9cialis\u00e9s qui peuvent am\u00e9liorer consid\u00e9rablement la qualit\u00e9 de vie d&rsquo;une personne.  <\/p>\n<\/div>\n\n\n\n<div class=\"wp-block-columns are-vertically-aligned-top is-layout-flex wp-container-core-columns-is-layout-9d6595d7 wp-block-columns-is-layout-flex\">\n<div class=\"wp-block-column is-vertically-aligned-top is-layout-flow wp-block-column-is-layout-flow\" style=\"flex-basis:33.33%\">\n<figure class=\"wp-block-image size-full\"><img loading=\"lazy\" decoding=\"async\" width=\"2560\" height=\"2143\" src=\"https:\/\/www.parkinson.ca\/wp-content\/uploads\/2026\/03\/David-4-scaled.jpg\" alt=\"\" class=\"wp-image-57809\" srcset=\"https:\/\/www.parkinson.ca\/wp-content\/uploads\/2026\/03\/David-4-scaled.jpg 2560w, https:\/\/www.parkinson.ca\/wp-content\/uploads\/2026\/03\/David-4-300x251.jpg 300w, https:\/\/www.parkinson.ca\/wp-content\/uploads\/2026\/03\/David-4-1024x857.jpg 1024w, https:\/\/www.parkinson.ca\/wp-content\/uploads\/2026\/03\/David-4-768x643.jpg 768w, https:\/\/www.parkinson.ca\/wp-content\/uploads\/2026\/03\/David-4-426x357.jpg 426w, https:\/\/www.parkinson.ca\/wp-content\/uploads\/2026\/03\/David-4-1290x1080.jpg 1290w, https:\/\/www.parkinson.ca\/wp-content\/uploads\/2026\/03\/David-4-50x42.jpg 50w, https:\/\/www.parkinson.ca\/wp-content\/uploads\/2026\/03\/David-4-100x84.jpg 100w\" sizes=\"auto, (max-width: 2560px) 100vw, 2560px\" \/><\/figure>\n<\/div>\n\n\n\n<div class=\"wp-block-column is-vertically-aligned-top is-layout-flow wp-block-column-is-layout-flow\" style=\"flex-basis:66.66%\">\n<div class=\"wp-block-group is-layout-constrained wp-block-group-is-layout-constrained\">\n<h3 class=\"wp-block-heading\"><strong><strong>L&rsquo;histoire de David<\/strong> <\/strong><\/h3>\n\n\n\n<p>Je m&rsquo;appelle David Walker. J&rsquo;ai 76 ans et je partage mon temps entre Coquitlam et le Mexique avec mon \u00e9pouse, Janet, restant proche de nos enfants, petits-enfants et, bient\u00f4t, de notre premier arri\u00e8re-petit-enfant. Pendant 47 ans, j&rsquo;ai travaill\u00e9 dans des organisations humanitaires et caritatives, voyageant dans plus de 100 pays. En dehors du travail, j&rsquo;\u00e9tais tout aussi motiv\u00e9, participant \u00e0 des comp\u00e9titions d&rsquo;athl\u00e9tisme Masters, parcourant de longues distances \u00e0 v\u00e9lo pour des \u0153uvres de bienfaisance, et m\u00eame en terminant un Ironman \u00e0 70 ans. J&rsquo;ai toujours v\u00e9cu ma vie sur une grande sc\u00e8ne, embrassant des changements significatifs.    <\/p>\n<\/div>\n<\/div>\n<\/div>\n\n\n\n<div class=\"wp-block-group is-layout-constrained wp-block-group-is-layout-constrained\">\n<h3 class=\"wp-block-heading\"><strong>Les premiers sympt\u00f4mes<\/strong><\/h3>\n\n\n\n<p class=\"has-regular-font-size\">Avant mon diagnostic, ma compr\u00e9hension de la maladie de Parkinson provenait principalement des repr\u00e9sentations m\u00e9diatiques des tremblements et de Michael J. Fox. J&rsquo;ai remarqu\u00e9 pour la premi\u00e8re fois que quelque chose n&rsquo;allait pas lors d&rsquo;un d\u00eener avec des amis, lorsque ma main a trembl\u00e9 en soulevant ma fourchette. \u00c0 peu pr\u00e8s au m\u00eame moment, un entra\u00eeneur a soulign\u00e9 que je ne balan\u00e7ais pas mon bras en courant \u2014 ce que je n&rsquo;avais pas r\u00e9alis\u00e9 moi-m\u00eame.<\/p>\n\n\n\n<div style=\"height:100px\" aria-hidden=\"true\" class=\"wp-block-spacer is-style-responsive-xsmall\"><\/div>\n\n\n\n<blockquote class=\"wp-block-quote is-layout-flow wp-block-quote-is-layout-flow\">\n<p>\u00ab J&rsquo;ai remarqu\u00e9 pour la premi\u00e8re fois que quelque chose n&rsquo;allait pas lors d&rsquo;un d\u00eener avec des amis, lorsque ma main a trembl\u00e9 en soulevant ma fourchette. \u00bb<\/p>\n<\/blockquote>\n<\/div>\n\n\n\n<div style=\"height:100px\" aria-hidden=\"true\" class=\"wp-block-spacer is-style-responsive-xsmall\"><\/div>\n\n\n\n<div class=\"wp-block-group is-layout-constrained wp-block-group-is-layout-constrained\">\n<h3 class=\"wp-block-heading\"><strong><strong><strong>Quand l&rsquo;acc\u00e8s aux soins vitaux est tout sauf simple<\/strong> <\/strong><\/strong><\/h3>\n\n\n\n<p>Pendant plusieurs mois, j&rsquo;\u00e9tais dans le d\u00e9ni. Finalement, en 2022, j&rsquo;ai parl\u00e9 \u00e0 mon m\u00e9decin de famille lors d&rsquo;un rendez-vous virtuel alors que j&rsquo;\u00e9tais au Mexique. Le m\u00e9decin n&rsquo;\u00e9tait pas un sp\u00e9cialiste des troubles du mouvement et a initialement envisag\u00e9 de me prescrire quelque chose pour me calmer, plut\u00f4t que d&rsquo;explorer la maladie de Parkinson comme une possibilit\u00e9. J&rsquo;ai quitt\u00e9 le rendez-vous en sachant que j&rsquo;avais besoin d&rsquo;une \u00e9valuation plus approfondie, mais cela signifiait attendre mon retour \u00e0 Vancouver.   <\/p>\n\n\n\n<p class=\"has-sky-blue-color has-text-color has-link-color wp-elements-2e7ad13cc54e6cd81cdf582179ebc07b\"><strong>Lorsque j&rsquo;ai finalement \u00e9t\u00e9 examin\u00e9 \u00e0 l&rsquo;h\u00f4pital de l&rsquo;UBC et que j&rsquo;ai re\u00e7u une \u00e9valuation formelle, j&rsquo;ai \u00e9t\u00e9 reconnaissant de l&rsquo;expertise que j&rsquo;ai re\u00e7ue, mais j&rsquo;ai aussi r\u00e9alis\u00e9 \u00e0 quel point cela aurait pu se d\u00e9rouler diff\u00e9remment pour moi. Si je n&rsquo;avais pas insist\u00e9 pour une \u00e9valuation plus pouss\u00e9e, ou si voyager n&rsquo;avait pas \u00e9t\u00e9 une option, j&rsquo;aurais pu faire face \u00e0 des retards beaucoup plus longs. <\/strong><\/p>\n\n\n\n<p>Quand ils ont confirm\u00e9 que j&rsquo;avais la maladie de Parkinson, je n&rsquo;ai pas \u00e9t\u00e9 choqu\u00e9, mais l&rsquo;entendre a apport\u00e9 \u00e0 la fois de la tristesse et un soulagement. Cette p\u00e9riode d&rsquo;incertitude ant\u00e9rieure \u00e9tait profond\u00e9ment d\u00e9stabilisante. Vivre avec la maladie de Parkinson signifie planifier en fonction de la raideur, de la fatigue et des probl\u00e8mes de sommeil. Je me r\u00e9veille souvent t\u00f4t et ne peux pas me rendormir, alors j&rsquo;utilise ces heures calmes pour le travail cr\u00e9atif. Je prends mes m\u00e9dicaments comme une horloge, me repose quand c&rsquo;est n\u00e9cessaire et utilise parfois une canne le soir. Les changements dans mon expression faciale peuvent amener les gens \u00e0 mal interpr\u00e9ter mon humeur, alors j&rsquo;ai appris l&rsquo;importance de la patience, de la conscience de soi et de m&rsquo;entourer de personnes empathiques.     <\/p>\n\n\n\n<div style=\"height:100px\" aria-hidden=\"true\" class=\"wp-block-spacer is-style-responsive-xsmall\"><\/div>\n\n\n\n<blockquote class=\"wp-block-quote is-layout-flow wp-block-quote-is-layout-flow\">\n<p>\u00ab Quand ils ont confirm\u00e9 que j&rsquo;avais la maladie de Parkinson, je n&rsquo;ai pas \u00e9t\u00e9 choqu\u00e9, mais l&rsquo;entendre a apport\u00e9 \u00e0 la fois de la tristesse et un soulagement. \u00bb<\/p>\n\n\n\n<div style=\"height:100px\" aria-hidden=\"true\" class=\"wp-block-spacer is-style-responsive-xsmall\"><\/div>\n<\/blockquote>\n\n\n\n<p>Ma cr\u00e9ativit\u00e9 s&rsquo;est d\u00e9velopp\u00e9e \u2014 je dessine, j&rsquo;\u00e9cris de la po\u00e9sie et des nouvelles, et j&rsquo;ai r\u00e9cemment obtenu un dipl\u00f4me en philosophie. Et j&rsquo;ai adopt\u00e9 une chienne de refuge, Lulu, qui est int\u00e9gr\u00e9e \u00e0 ma routine quotidienne. Lorsque mon alarme de m\u00e9dicaments sonne, elle saute et tourne jusqu&rsquo;\u00e0 ce que je prenne ma dose, m&rsquo;aidant \u00e0 rester constant et ajoutant de la joie en chemin.  <\/p>\n<\/div>\n\n\n\n<h3 class=\"wp-block-heading has-large-font-size\"><strong><strong>Comment je vais de l&rsquo;avant<\/strong> <\/strong><\/h3>\n\n\n\n<p class=\"has-contrast-color has-text-color has-link-color wp-elements-664d282cf235c8c85eed5d121c8acea5\">Je partage mon histoire parce que la sensibilisation aide \u00e0 briser les st\u00e9r\u00e9otypes et rappelle aux autres que les personnes atteintes de la maladie de Parkinson sont toujours pleinement elles-m\u00eames. J&rsquo;ai mis de c\u00f4t\u00e9 certains objectifs sportifs, mais je reste actif et engag\u00e9 de nouvelles mani\u00e8res. Si je pouvais donner un conseil \u00e0 une personne nouvellement diagnostiqu\u00e9e, ce serait de se connecter avec une autre personne vivant avec la maladie de Parkinson qui aborde la condition avec ouverture \u2014 vous n&rsquo;avez pas \u00e0 naviguer seul.   <\/p>\n\n\n\n<div style=\"height:100px\" aria-hidden=\"true\" class=\"wp-block-spacer is-style-responsive-xsmall\"><\/div>\n\n\n\n<h4 class=\"wp-block-heading has-blue-color has-text-color has-link-color wp-elements-316269ca0410ba4827caa748cadc3414\"><em><em><em>Cette histoire est partag\u00e9e gr\u00e2ce au courage et au d\u00e9vouement de David Walker. <\/em> <\/em><\/em><\/h4>\n\n\n\n<p><strong>Des soins illimit\u00e9s pour la maladie de Parkinson<\/strong> <\/p>\n\n\n\n<p>L&rsquo;histoire de David montre l&rsquo;impact r\u00e9el des retards \u2014 de l&rsquo;incertitude avant le diagnostic au besoin continu d&rsquo;un soutien constant \u00e0 mesure que les sympt\u00f4mes \u00e9voluent. Personne ne devrait avoir \u00e0 naviguer entre les r\u00e9f\u00e9rences, la g\u00e9ographie ou les conjectures juste pour acc\u00e9der \u00e0 des soins qui fa\u00e7onnent leur vie quotidienne. Des soins illimit\u00e9s pour la maladie de Parkinson signifient un diagnostic rapide, un acc\u00e8s constant \u00e0 des sp\u00e9cialistes et la possibilit\u00e9 pour davantage de personnes de conna\u00eetre l&rsquo;am\u00e9lioration significative de la qualit\u00e9 de vie que David a trouv\u00e9e.   <\/p>\n\n\n\n<p>En ao\u00fbt prochain, David participera une nouvelle fois au triathlon T100, mettant son parcours \u00e0 profit pour sensibiliser le public et collecter des fonds pour la lutte contre la maladie de Parkinson. Pour en savoir plus et soutenir son initiative, <a href=\"https:\/\/donate.parkinson.ca\/site\/TR\/FYW\/FundraisingYourWay?pg=personal&amp;px=1375982&amp;fr_id=3251&amp;s_locale=fr_CA\" target=\"_blank\" rel=\"noopener\" title=\"\">cliquez ici<\/a>.<\/p>\n\n\n\n<div style=\"height:100px\" aria-hidden=\"true\" class=\"wp-block-spacer is-style-responsive-small\"><\/div>\n\n\n\n<p><strong>Rejoignez le mouvement pour des soins rapides et \u00e9quitables aux personnes atteintes de la maladie de Parkinson. Visitez  <\/strong><a href=\"https:\/\/www.parkinson.ca\/fr\/msmp\/\" target=\"_blank\" rel=\"noreferrer noopener\"><strong>www.parkinson.ca\/fr\/msmp<\/strong><\/a><\/p>\n\n\n\n<div style=\"height:100px\" aria-hidden=\"true\" class=\"wp-block-spacer is-style-responsive-small\"><\/div>\n\n\n\n<figure class=\"wp-block-image size-full\"><a href=\"https:\/\/www.parkinson.ca\/fr\/msmp\/\"><img loading=\"lazy\" decoding=\"async\" width=\"1000\" height=\"400\" src=\"https:\/\/www.parkinson.ca\/wp-content\/uploads\/2026\/03\/pam-2026-web-footer-1.png\" alt=\"\" class=\"wp-image-58176\" srcset=\"https:\/\/www.parkinson.ca\/wp-content\/uploads\/2026\/03\/pam-2026-web-footer-1.png 1000w, https:\/\/www.parkinson.ca\/wp-content\/uploads\/2026\/03\/pam-2026-web-footer-1-300x120.png 300w, https:\/\/www.parkinson.ca\/wp-content\/uploads\/2026\/03\/pam-2026-web-footer-1-768x307.png 768w, https:\/\/www.parkinson.ca\/wp-content\/uploads\/2026\/03\/pam-2026-web-footer-1-426x170.png 426w, https:\/\/www.parkinson.ca\/wp-content\/uploads\/2026\/03\/pam-2026-web-footer-1-50x20.png 50w, https:\/\/www.parkinson.ca\/wp-content\/uploads\/2026\/03\/pam-2026-web-footer-1-100x40.png 100w\" sizes=\"auto, (max-width: 1000px) 100vw, 1000px\" \/><\/a><\/figure>\n\n\n\n<div style=\"height:100px\" aria-hidden=\"true\" class=\"wp-block-spacer\"><\/div>\n","protected":false},"excerpt":{"rendered":"<p>Au Canada, plus de 120 000 personnes vivent avec la maladie de Parkinson \u2014 un nombre qui devrait atteindre 150 000 d&rsquo;ici 2034. Pourtant, trop de personnes sont encore confront\u00e9es \u00e0 des retards, \u00e0 des sympt\u00f4mes non d\u00e9tect\u00e9s ou \u00e0 des soins dict\u00e9s par la g\u00e9ographie plut\u00f4t que par le besoin. L&rsquo;histoire de David montre [&hellip;]<\/p>\n","protected":false},"author":180,"featured_media":58230,"comment_status":"closed","ping_status":"closed","sticky":false,"template":"","format":"standard","meta":{"_acf_changed":false,"footnotes":""},"categories":[354,237,249,248,349],"tags":[],"audience":[343,344],"class_list":["post-58204","post","type-post","status-publish","format-standard","has-post-thumbnail","hentry","category-anglais","category-blogue-fr","category-la-communaute-parkinson","category-mieux-vivre-avec-la-maladie-de-parkinson","category-temoignages","audience-living-with-parkinsons","audience-newly-diagnosed"],"acf":[],"aioseo_notices":[],"_links":{"self":[{"href":"https:\/\/www.parkinson.ca\/fr\/wp-json\/wp\/v2\/posts\/58204","targetHints":{"allow":["GET"]}}],"collection":[{"href":"https:\/\/www.parkinson.ca\/fr\/wp-json\/wp\/v2\/posts"}],"about":[{"href":"https:\/\/www.parkinson.ca\/fr\/wp-json\/wp\/v2\/types\/post"}],"author":[{"embeddable":true,"href":"https:\/\/www.parkinson.ca\/fr\/wp-json\/wp\/v2\/users\/180"}],"replies":[{"embeddable":true,"href":"https:\/\/www.parkinson.ca\/fr\/wp-json\/wp\/v2\/comments?post=58204"}],"version-history":[{"count":9,"href":"https:\/\/www.parkinson.ca\/fr\/wp-json\/wp\/v2\/posts\/58204\/revisions"}],"predecessor-version":[{"id":58921,"href":"https:\/\/www.parkinson.ca\/fr\/wp-json\/wp\/v2\/posts\/58204\/revisions\/58921"}],"wp:featuredmedia":[{"embeddable":true,"href":"https:\/\/www.parkinson.ca\/fr\/wp-json\/wp\/v2\/media\/58230"}],"wp:attachment":[{"href":"https:\/\/www.parkinson.ca\/fr\/wp-json\/wp\/v2\/media?parent=58204"}],"wp:term":[{"taxonomy":"category","embeddable":true,"href":"https:\/\/www.parkinson.ca\/fr\/wp-json\/wp\/v2\/categories?post=58204"},{"taxonomy":"post_tag","embeddable":true,"href":"https:\/\/www.parkinson.ca\/fr\/wp-json\/wp\/v2\/tags?post=58204"},{"taxonomy":"audience","embeddable":true,"href":"https:\/\/www.parkinson.ca\/fr\/wp-json\/wp\/v2\/audience?post=58204"}],"curies":[{"name":"wp","href":"https:\/\/api.w.org\/{rel}","templated":true}]}}