{"id":56952,"date":"2026-02-18T16:09:24","date_gmt":"2026-02-18T16:09:24","guid":{"rendered":"https:\/\/www.parkinson.ca\/les-beneficiaires-du-fonds-care-apportent-une-contribution-majeure-en-2026\/"},"modified":"2026-02-18T16:11:10","modified_gmt":"2026-02-18T16:11:10","slug":"les-beneficiaires-du-fonds-care-apportent-une-contribution-majeure-en-2026","status":"publish","type":"post","link":"https:\/\/www.parkinson.ca\/fr\/les-beneficiaires-du-fonds-care-apportent-une-contribution-majeure-en-2026\/","title":{"rendered":"Les b\u00e9n\u00e9ficiaires du Fonds CARE apportent une contribution majeure en 2026"},"content":{"rendered":"\n<p>Le Fonds CARE est l&rsquo;une des initiatives de Parkinson Canada visant \u00e0 r\u00e9pondre aux besoins non satisfaits de la communaut\u00e9 Parkinson. Il fournit des financements et des subventions aux organisations qui d\u00e9veloppent des programmes locaux de sant\u00e9, de bien-\u00eatre et d&rsquo;\u00e9ducation \u00e0 travers le pays. Le Fonds CARE se concentre particuli\u00e8rement sur les programmes qui atteignent les communaut\u00e9s diverses et mal desservies \u00e0 travers le Canada. Au cours de la p\u00e9riode de financement 2025-2026, dix programmes ont re\u00e7u un financement allant de 5\u202f000 $ \u00e0 25\u202f000 $.    <\/p>\n\n<p>D\u00e9couvrez trois des programmes prometteurs qui ont r\u00e9cemment commenc\u00e9 \u00e0 accepter des participants. Ces programmes sont essentiels \u00e0 notre mission d&rsquo;am\u00e9liorer l&rsquo;acc\u00e8s aux soins. Si vous habitez \u00e0 proximit\u00e9, vous pourriez m\u00eame vouloir y participer !   <\/p>\n\n<div style=\"height:100px\" aria-hidden=\"true\" class=\"wp-block-spacer is-style-responsive-xsmall\"><\/div>\n\n<div class=\"wp-block-columns are-vertically-aligned-center is-layout-flex wp-container-core-columns-is-layout-9d6595d7 wp-block-columns-is-layout-flex\">\n<div class=\"wp-block-column is-vertically-aligned-center is-layout-flow wp-block-column-is-layout-flow\" style=\"flex-basis:25%\">\n<figure class=\"wp-block-image alignleft size-full is-resized\"><img loading=\"lazy\" decoding=\"async\" width=\"500\" height=\"500\" src=\"https:\/\/www.parkinson.ca\/wp-content\/uploads\/2025\/10\/Movement-Matters.png\" alt=\"\" class=\"wp-image-55215\" style=\"width:180px\" srcset=\"https:\/\/www.parkinson.ca\/wp-content\/uploads\/2025\/10\/Movement-Matters.png 500w, https:\/\/www.parkinson.ca\/wp-content\/uploads\/2025\/10\/Movement-Matters-300x300.png 300w, https:\/\/www.parkinson.ca\/wp-content\/uploads\/2025\/10\/Movement-Matters-150x150.png 150w, https:\/\/www.parkinson.ca\/wp-content\/uploads\/2025\/10\/Movement-Matters-426x426.png 426w, https:\/\/www.parkinson.ca\/wp-content\/uploads\/2025\/10\/Movement-Matters-50x50.png 50w, https:\/\/www.parkinson.ca\/wp-content\/uploads\/2025\/10\/Movement-Matters-100x100.png 100w\" sizes=\"auto, (max-width: 500px) 100vw, 500px\" \/><\/figure>\n<\/div>\n\n\n\n<div class=\"wp-block-column is-vertically-aligned-center is-layout-flow wp-block-column-is-layout-flow\" style=\"flex-basis:75%\">\n<h3 class=\"wp-block-heading has-text-align-left\"><strong>Le mouvement, \u00e7a compte : r\u00e9adaptation par l&rsquo;exercice pour la maladie de Parkinson<\/strong><\/h3>\n<\/div>\n<\/div>\n\n<p>La physioth\u00e9rapie est co\u00fbteuse, et de nombreuses personnes vivant au Canada n&rsquo;ont pas les moyens de s&rsquo;offrir des services de physioth\u00e9rapie qui peuvent faire une grande diff\u00e9rence dans leur qualit\u00e9 de vie. C&rsquo;est l\u00e0 qu&rsquo;intervient \u00ab Le mouvement, \u00e7a compte \u00bb.  <\/p>\n\n<p>Ce programme est une collaboration entre Parkinson Canada et le Sheridan College pour aider \u00e0 am\u00e9liorer la force, la confiance et la qualit\u00e9 de vie des personnes atteintes de la maladie de Parkinson. Le programme offre des s\u00e9ances gratuites d&rsquo;exercices cibl\u00e9s et de r\u00e9adaptation pour les personnes atteintes de la maladie de Parkinson. Les \u00e9tudiants du Sheridan College acqui\u00e8rent \u00e9galement une exp\u00e9rience pratique essentielle, qu&rsquo;ils peuvent utiliser pour aider d&rsquo;autres personnes atteintes de troubles du mouvement.   <\/p>\n\n<div class=\"wp-block-buttons is-layout-flex wp-block-buttons-is-layout-flex\">\n<div class=\"wp-block-button\"><a class=\"wp-block-button__link wp-element-button\" href=\"https:\/\/www.sheridancollege.ca\/about\/campus-locations\/davis\/movement-matters\" target=\"_blank\" rel=\"noreferrer noopener\">En savoir plus<\/a><\/div>\n<\/div>\n\n<div style=\"height:100px\" aria-hidden=\"true\" class=\"wp-block-spacer is-style-responsive-small\"><\/div>\n\n<div class=\"wp-block-columns are-vertically-aligned-center is-layout-flex wp-container-core-columns-is-layout-9d6595d7 wp-block-columns-is-layout-flex\">\n<div class=\"wp-block-column is-vertically-aligned-center is-layout-flow wp-block-column-is-layout-flow\" style=\"flex-basis:25%\">\n<figure class=\"wp-block-image alignleft size-full is-resized\"><img loading=\"lazy\" decoding=\"async\" width=\"1920\" height=\"1080\" src=\"https:\/\/www.parkinson.ca\/wp-content\/uploads\/2025\/10\/Hospice-Vaughan-Music-and-Movement-.png\" alt=\"\" class=\"wp-image-55210\" style=\"width:180px\" srcset=\"https:\/\/www.parkinson.ca\/wp-content\/uploads\/2025\/10\/Hospice-Vaughan-Music-and-Movement-.png 1920w, https:\/\/www.parkinson.ca\/wp-content\/uploads\/2025\/10\/Hospice-Vaughan-Music-and-Movement--300x169.png 300w, https:\/\/www.parkinson.ca\/wp-content\/uploads\/2025\/10\/Hospice-Vaughan-Music-and-Movement--1024x576.png 1024w, https:\/\/www.parkinson.ca\/wp-content\/uploads\/2025\/10\/Hospice-Vaughan-Music-and-Movement--768x432.png 768w, https:\/\/www.parkinson.ca\/wp-content\/uploads\/2025\/10\/Hospice-Vaughan-Music-and-Movement--426x240.png 426w\" sizes=\"auto, (max-width: 1920px) 100vw, 1920px\" \/><\/figure>\n<\/div>\n\n\n\n<div class=\"wp-block-column is-vertically-aligned-center is-layout-flow wp-block-column-is-layout-flow\" style=\"flex-basis:75%\">\n<h3 class=\"wp-block-heading has-text-align-left\"><strong><strong><strong>Musique et mouvement<\/strong><\/strong><\/strong><\/h3>\n<\/div>\n<\/div>\n\n<p>Gr\u00e2ce au financement de Parkinson Canada, Hospice Vaughan a lanc\u00e9 un programme de musicoth\u00e9rapie pour promouvoir le bien-\u00eatre social, \u00e9motionnel et physique des personnes atteintes de la maladie de Parkinson et de leurs partenaires de soins. Gr\u00e2ce \u00e0 la musique, aux instruments et \u00e0 la danse, le programme encourage l&rsquo;activit\u00e9 physique et offre un espace s\u00fbr aux personnes atteintes de la maladie de Parkinson et \u00e0 leurs aidants pour d\u00e9velopper des liens sociaux. Contrairement aux programmes de danse traditionnels, Musique et Mouvement int\u00e8gre \u00e9galement la musicoth\u00e9rapie neurologique, une intervention fond\u00e9e sur des preuves qui utilise des \u00e9l\u00e9ments musicaux tels que le rythme et la m\u00e9lodie pour construire ou modifier les voies neuronales du cerveau afin d&rsquo;am\u00e9liorer le fonctionnement g\u00e9n\u00e9ral.   <\/p>\n\n<div class=\"wp-block-buttons is-layout-flex wp-block-buttons-is-layout-flex\">\n<div class=\"wp-block-button\"><a class=\"wp-block-button__link wp-element-button\" href=\"https:\/\/www.hospicevaughan.com\/\" target=\"_blank\" rel=\"noreferrer noopener\">En savoir plus<\/a><\/div>\n<\/div>\n\n<div style=\"height:100px\" aria-hidden=\"true\" class=\"wp-block-spacer is-style-responsive-small\"><\/div>\n\n<div class=\"wp-block-columns are-vertically-aligned-center is-layout-flex wp-container-core-columns-is-layout-9d6595d7 wp-block-columns-is-layout-flex\">\n<div class=\"wp-block-column is-vertically-aligned-center is-layout-flow wp-block-column-is-layout-flow\" style=\"flex-basis:25%\">\n<figure class=\"wp-block-image alignleft size-full is-resized\"><img loading=\"lazy\" decoding=\"async\" width=\"1181\" height=\"1181\" src=\"https:\/\/www.parkinson.ca\/wp-content\/uploads\/2025\/10\/Improv-for-Work-and-Wellness-Logo-Beige-Green.png\" alt=\"\" class=\"wp-image-55269\" style=\"width:180px\" srcset=\"https:\/\/www.parkinson.ca\/wp-content\/uploads\/2025\/10\/Improv-for-Work-and-Wellness-Logo-Beige-Green.png 1181w, https:\/\/www.parkinson.ca\/wp-content\/uploads\/2025\/10\/Improv-for-Work-and-Wellness-Logo-Beige-Green-300x300.png 300w, https:\/\/www.parkinson.ca\/wp-content\/uploads\/2025\/10\/Improv-for-Work-and-Wellness-Logo-Beige-Green-1024x1024.png 1024w, https:\/\/www.parkinson.ca\/wp-content\/uploads\/2025\/10\/Improv-for-Work-and-Wellness-Logo-Beige-Green-150x150.png 150w, https:\/\/www.parkinson.ca\/wp-content\/uploads\/2025\/10\/Improv-for-Work-and-Wellness-Logo-Beige-Green-768x768.png 768w, https:\/\/www.parkinson.ca\/wp-content\/uploads\/2025\/10\/Improv-for-Work-and-Wellness-Logo-Beige-Green-426x426.png 426w, https:\/\/www.parkinson.ca\/wp-content\/uploads\/2025\/10\/Improv-for-Work-and-Wellness-Logo-Beige-Green-1080x1080.png 1080w\" sizes=\"auto, (max-width: 1181px) 100vw, 1181px\" \/><\/figure>\n<\/div>\n\n\n\n<div class=\"wp-block-column is-vertically-aligned-center is-layout-flow wp-block-column-is-layout-flow\" style=\"flex-basis:75%\">\n<h3 class=\"wp-block-heading has-text-align-left\"><strong><strong>Improvisation pour la maladie de Parkinson<\/strong><\/strong><\/h3>\n<\/div>\n<\/div>\n\n<p>Improv for Work &amp; Wellness offre une gamme de programmes utilisant le pouvoir transformateur de l&rsquo;improvisation pour am\u00e9liorer le bien-\u00eatre et la vie. En partenariat avec Parkinson Canada, ils proposent d\u00e9sormais des cours d&rsquo;Improvisation pour la maladie de Parkinson. Gr\u00e2ce \u00e0 ce programme, les participants apprennent \u00e0 accepter leur maladie de Parkinson, en travaillant sur les outils pour devenir plus positifs et actifs dans leur propre vie. Le programme offre deux niveaux progressifs d&rsquo;improvisation, les personnes qui terminent les deux pouvant rejoindre la troupe de performance PD et participer \u00e0 des spectacles publics !    <\/p>\n\n<p>Il est connu que l&rsquo;exercice ralentit la progression de la maladie de Parkinson, et ces programmes visent \u00e0 exercer le cerveau en utilisant le th\u00e9\u00e2tre d&rsquo;improvisation pour soutenir la sant\u00e9 cognitive, tout en explorant des th\u00e8mes tels que l&rsquo;acceptation, la pr\u00e9sence, la c\u00e9l\u00e9bration des erreurs et la cocr\u00e9ation. <\/p>\n\n<div class=\"wp-block-buttons is-layout-flex wp-block-buttons-is-layout-flex\">\n<div class=\"wp-block-button\"><a class=\"wp-block-button__link wp-element-button\" href=\"https:\/\/www.improvforworkandwellness.com\/parkinsons\" target=\"_blank\" rel=\"noreferrer noopener\">En savoir plus<\/a><\/div>\n<\/div>\n\n<div style=\"height:100px\" aria-hidden=\"true\" class=\"wp-block-spacer is-style-responsive-small\"><\/div>\n\n<h2 class=\"wp-block-heading\"><strong>Et maintenant<\/strong> <\/h2>\n\n<p>Les communaut\u00e9s \u00e0 travers le Canada re\u00e7oivent le soutien dont elles ont tant besoin gr\u00e2ce au Fonds CARE. Pour plus d&rsquo;informations sur le programme et les partenaires participants, consultez la page du Fonds CARE : <a href=\"https:\/\/www.parkinson.ca\/fr\/fonds-care-de-parkinson-canada\/\">https:\/\/www.parkinson.ca\/care-fund\/<\/a>. <\/p>\n\n<p><\/p>\n\n<p>Int\u00e9ress\u00e9(e) par une demande de financement via le Fonds CARE ? Les candidatures pour le financement 2026-2027 ouvriront plus tard cette ann\u00e9e, alors revenez pour plus d&rsquo;informations. <\/p>\n\n<div style=\"height:100px\" aria-hidden=\"true\" class=\"wp-block-spacer\"><\/div>\n","protected":false},"excerpt":{"rendered":"<p>Le Fonds CARE est l&rsquo;une des initiatives de Parkinson Canada visant \u00e0 r\u00e9pondre aux besoins non satisfaits de la communaut\u00e9 Parkinson. Il fournit des financements et des subventions aux organisations qui d\u00e9veloppent des programmes locaux de sant\u00e9, de bien-\u00eatre et d&rsquo;\u00e9ducation \u00e0 travers le pays. Le Fonds CARE se concentre particuli\u00e8rement sur les programmes qui [&hellip;]<\/p>\n","protected":false},"author":90,"featured_media":56954,"comment_status":"closed","ping_status":"closed","sticky":false,"template":"","format":"standard","meta":{"_acf_changed":false,"footnotes":""},"categories":[354,237,348,249,248],"tags":[],"audience":[283,343,344],"class_list":["post-56952","post","type-post","status-publish","format-standard","has-post-thumbnail","hentry","category-anglais","category-blogue-fr","category-exercice-et-bien-etre-fr","category-la-communaute-parkinson","category-mieux-vivre-avec-la-maladie-de-parkinson","audience-carepartners","audience-living-with-parkinsons","audience-newly-diagnosed"],"acf":[],"aioseo_notices":[],"_links":{"self":[{"href":"https:\/\/www.parkinson.ca\/fr\/wp-json\/wp\/v2\/posts\/56952","targetHints":{"allow":["GET"]}}],"collection":[{"href":"https:\/\/www.parkinson.ca\/fr\/wp-json\/wp\/v2\/posts"}],"about":[{"href":"https:\/\/www.parkinson.ca\/fr\/wp-json\/wp\/v2\/types\/post"}],"author":[{"embeddable":true,"href":"https:\/\/www.parkinson.ca\/fr\/wp-json\/wp\/v2\/users\/90"}],"replies":[{"embeddable":true,"href":"https:\/\/www.parkinson.ca\/fr\/wp-json\/wp\/v2\/comments?post=56952"}],"version-history":[{"count":2,"href":"https:\/\/www.parkinson.ca\/fr\/wp-json\/wp\/v2\/posts\/56952\/revisions"}],"predecessor-version":[{"id":56956,"href":"https:\/\/www.parkinson.ca\/fr\/wp-json\/wp\/v2\/posts\/56952\/revisions\/56956"}],"wp:featuredmedia":[{"embeddable":true,"href":"https:\/\/www.parkinson.ca\/fr\/wp-json\/wp\/v2\/media\/56954"}],"wp:attachment":[{"href":"https:\/\/www.parkinson.ca\/fr\/wp-json\/wp\/v2\/media?parent=56952"}],"wp:term":[{"taxonomy":"category","embeddable":true,"href":"https:\/\/www.parkinson.ca\/fr\/wp-json\/wp\/v2\/categories?post=56952"},{"taxonomy":"post_tag","embeddable":true,"href":"https:\/\/www.parkinson.ca\/fr\/wp-json\/wp\/v2\/tags?post=56952"},{"taxonomy":"audience","embeddable":true,"href":"https:\/\/www.parkinson.ca\/fr\/wp-json\/wp\/v2\/audience?post=56952"}],"curies":[{"name":"wp","href":"https:\/\/api.w.org\/{rel}","templated":true}]}}