{"id":56024,"date":"2026-01-12T17:00:00","date_gmt":"2026-01-12T17:00:00","guid":{"rendered":"https:\/\/www.parkinson.ca\/?p=56024"},"modified":"2026-01-12T16:10:16","modified_gmt":"2026-01-12T16:10:16","slug":"ressources-et-guides-pour-bien-demarrer-lannee-2026","status":"publish","type":"post","link":"https:\/\/www.parkinson.ca\/fr\/ressources-et-guides-pour-bien-demarrer-lannee-2026\/","title":{"rendered":"Ressources et guides pour bien d\u00e9marrer l\u2019ann\u00e9e 2026"},"content":{"rendered":"\n<div class=\"wp-block-group is-layout-constrained wp-block-group-is-layout-constrained\">\n<p>Au d\u00e9but d\u2019une nouvelle ann\u00e9e, nous pensons \u00e0 tourner une nouvelle page. Cela signifie prendre des r\u00e9solutions, faire des plans et envisager l\u2019avenir pour faire de cette ann\u00e9e une ann\u00e9e exceptionnelle. Heureusement, Parkinson Canada est l\u00e0 pour vous aider gr\u00e2ce \u00e0 des ressources et des guides utiles pour vous aider \u00e0 bien vivre.   <\/p>\n\n\n\n<p>Que vous soyez nouvellement diagnostiqu\u00e9, partenaire de soins ou que vous g\u00e9riez la maladie de Parkinson depuis des ann\u00e9es, ces guides couvrent un \u00e9ventail de sujets qui pourraient vous int\u00e9resser. De la gestion de vos m\u00e9dicaments \u00e0 la cr\u00e9ation d\u2019un plan d\u2019exercice, en passant par l\u2019hygi\u00e8ne dentaire, ces ressources et fiches d\u2019information contiennent des renseignements dont vous ignoriez m\u00eame avoir besoin et qui peuvent vous aider \u00e0 maximiser votre bien-\u00eatre.  <\/p>\n\n\n\n<p>Alors, consultez les ressources ci-dessous. Bon nombre d\u2019entre elles ont \u00e9t\u00e9 r\u00e9cemment mises \u00e0 jour avec les renseignements et les donn\u00e9es scientifiques les plus r\u00e9cents, afin de garantir que vos plans pour 2026 soient fond\u00e9s sur des donn\u00e9es probantes. Les partenaires de soins trouveront \u00e9galement du soutien dans notre guide mis \u00e0 jour sur le partenariat de soins, qui fournit des ressources et du soutien aux partenaires de soins de partout au pays.   <\/p>\n<\/div>\n\n\n\n<div style=\"height:40px\" aria-hidden=\"true\" class=\"wp-block-spacer\"><\/div>\n\n\n\n<h2 class=\"wp-block-heading has-blue-color has-text-color has-link-color has-large-font-size wp-elements-d962a87032b13a9f3be725d300952466\"><strong>D\u00e9marrez l\u2019ann\u00e9e 2026 en force gr\u00e2ce \u00e0 ces ressources utiles<\/strong> <\/h2>\n\n\n\n<div class=\"wp-block-group is-layout-constrained wp-block-group-is-layout-constrained\">\n<div class=\"wp-block-media-text is-stacked-on-mobile has-blue-background-color has-background\" style=\"grid-template-columns:25% auto\"><figure class=\"wp-block-media-text__media\"><a href=\"https:\/\/www.parkinson.ca\/resources\/educational-publications\/care-partnering-managing-parkinsons-disease-together\/\"><img loading=\"lazy\" decoding=\"async\" width=\"459\" height=\"648\" src=\"https:\/\/www.parkinson.ca\/wp-content\/uploads\/Partenariat_de_soins_cover_200x200.jpg\" alt=\"Partenariat_de_soins_cover_200x200\" class=\"wp-image-19535 size-full\" srcset=\"https:\/\/www.parkinson.ca\/wp-content\/uploads\/Partenariat_de_soins_cover_200x200.jpg 459w, https:\/\/www.parkinson.ca\/wp-content\/uploads\/Partenariat_de_soins_cover_200x200-213x300.jpg 213w, https:\/\/www.parkinson.ca\/wp-content\/uploads\/Partenariat_de_soins_cover_200x200-106x150.jpg 106w, https:\/\/www.parkinson.ca\/wp-content\/uploads\/Partenariat_de_soins_cover_200x200-100x141.jpg 100w\" sizes=\"auto, (max-width: 459px) 100vw, 459px\" \/><\/a><\/figure><div class=\"wp-block-media-text__content\">\n<h3 class=\"wp-block-heading\"><strong>Partenariat de soins&nbsp;: G\u00e9rer la maladie de Parkinson ensemble<\/strong> <\/h3>\n\n\n\n<p class=\"has-regular-font-size\">Les partenaires de soins jouent un r\u00f4le essentiel, et ce nouveau guide approfondi vous fournit le soutien dont vous avez besoin. Des strat\u00e9gies de communication aux conseils d\u2019autogestion partag\u00e9s par d\u2019autres partenaires de soins, ce guide offre des encouragements, des conseils pratiques et plus de cinq chapitres de soutien pratique. <\/p>\n\n\n\n<div class=\"wp-block-buttons is-layout-flex wp-block-buttons-is-layout-flex\">\n<div class=\"wp-block-button\"><a class=\"wp-block-button__link wp-element-button\" href=\"https:\/\/www.parkinson.ca\/fr\/ressources\/publications-educatives\/partenariat-de-soins-gerer-ensemble-la-maladie-de-parkinson\/\">En savoir plus<\/a><\/div>\n<\/div>\n<\/div><\/div>\n<\/div>\n\n\n\n<div style=\"height:40px\" aria-hidden=\"true\" class=\"wp-block-spacer\"><\/div>\n\n\n\n<div class=\"wp-block-group is-layout-constrained wp-block-group-is-layout-constrained\">\n<div class=\"wp-block-media-text is-stacked-on-mobile has-blue-background-color has-background\" style=\"grid-template-columns:25% auto\"><figure class=\"wp-block-media-text__media\"><a href=\"https:\/\/www.parkinson.ca\/resources\/educational-publications\/your-10-week-guide-navigating-a-new-parkinsons-medication\/\"><img loading=\"lazy\" decoding=\"async\" width=\"750\" height=\"1024\" src=\"https:\/\/www.parkinson.ca\/wp-content\/uploads\/2025\/05\/Your-10-week-guide-preview-image_FR-750x1024.png\" alt=\"Votre guide de 10 semaines\" class=\"wp-image-52483 size-full\" srcset=\"https:\/\/www.parkinson.ca\/wp-content\/uploads\/2025\/05\/Your-10-week-guide-preview-image_FR-750x1024.png 750w, https:\/\/www.parkinson.ca\/wp-content\/uploads\/2025\/05\/Your-10-week-guide-preview-image_FR-220x300.png 220w, https:\/\/www.parkinson.ca\/wp-content\/uploads\/2025\/05\/Your-10-week-guide-preview-image_FR-768x1049.png 768w, https:\/\/www.parkinson.ca\/wp-content\/uploads\/2025\/05\/Your-10-week-guide-preview-image_FR-426x582.png 426w, https:\/\/www.parkinson.ca\/wp-content\/uploads\/2025\/05\/Your-10-week-guide-preview-image_FR-791x1080.png 791w, https:\/\/www.parkinson.ca\/wp-content\/uploads\/2025\/05\/Your-10-week-guide-preview-image_FR.png 1066w\" sizes=\"auto, (max-width: 750px) 100vw, 750px\" \/><\/a><\/figure><div class=\"wp-block-media-text__content\">\n<h3 class=\"wp-block-heading\"><strong>Votre guide de 10&nbsp;semaines&nbsp;: S\u2019orienter dans le cadre d\u2019un nouveau m\u00e9dicament contre la maladie de Parkinson<\/strong> <\/h3>\n\n\n\n<p class=\"has-regular-font-size\">Commencer \u00e0 prendre un nouveau m\u00e9dicament est une transition importante. Ce guide divise ce parcours en \u00e9tapes g\u00e9rables, vous aidant \u00e0 suivre votre \u00e9tat, \u00e0 fixer des objectifs et \u00e0 communiquer ouvertement avec votre \u00e9quipe soignante. Il est con\u00e7u pour rendre le processus plus clair et moins accablant, afin que vous puissiez vous sentir plus en contr\u00f4le \u00e0 mesure que vous vous adaptez \u00e0 quelque chose de nouveau.   <\/p>\n\n\n\n<div class=\"wp-block-buttons is-layout-flex wp-block-buttons-is-layout-flex\">\n<div class=\"wp-block-button\"><a class=\"wp-block-button__link wp-element-button\" href=\"https:\/\/www.parkinson.ca\/fr\/ressources\/publications-educatives\/votre-guide-des-10-semaines-prendre-un-nouveau-medicament-contre-la-maladie-de-parkinson\/\">En savoir plus<\/a><\/div>\n<\/div>\n<\/div><\/div>\n<\/div>\n\n\n\n<div style=\"height:40px\" aria-hidden=\"true\" class=\"wp-block-spacer\"><\/div>\n\n\n\n<div class=\"wp-block-media-text is-stacked-on-mobile has-blue-background-color has-background\" style=\"padding-top:0;padding-bottom:0;grid-template-columns:25% auto\"><figure class=\"wp-block-media-text__media\"><a href=\"https:\/\/www.parkinson.ca\/fr\/home\/mieux-vivre-avec-la-maladie-de-parkinson\/rester-actif\/\"><img loading=\"lazy\" decoding=\"async\" width=\"791\" height=\"1024\" src=\"https:\/\/www.parkinson.ca\/wp-content\/uploads\/2026\/01\/Untitled-design-1-791x1024.png\" alt=\"Man with his daughter on his shoulders\" class=\"wp-image-56063 size-full\" srcset=\"https:\/\/www.parkinson.ca\/wp-content\/uploads\/2026\/01\/Untitled-design-1-791x1024.png 791w, https:\/\/www.parkinson.ca\/wp-content\/uploads\/2026\/01\/Untitled-design-1-232x300.png 232w, https:\/\/www.parkinson.ca\/wp-content\/uploads\/2026\/01\/Untitled-design-1-768x994.png 768w, https:\/\/www.parkinson.ca\/wp-content\/uploads\/2026\/01\/Untitled-design-1-426x551.png 426w, https:\/\/www.parkinson.ca\/wp-content\/uploads\/2026\/01\/Untitled-design-1-834x1080.png 834w, https:\/\/www.parkinson.ca\/wp-content\/uploads\/2026\/01\/Untitled-design-1-39x50.png 39w, https:\/\/www.parkinson.ca\/wp-content\/uploads\/2026\/01\/Untitled-design-1-77x100.png 77w, https:\/\/www.parkinson.ca\/wp-content\/uploads\/2026\/01\/Untitled-design-1.png 1545w\" sizes=\"auto, (max-width: 791px) 100vw, 791px\" \/><\/a><\/figure><div class=\"wp-block-media-text__content\">\n<h3 class=\"wp-block-heading\"><strong>Rester actif<\/strong> <\/h3>\n\n\n\n<p class=\"has-regular-font-size\">Le mouvement est un outil puissant \u00e0 la disposition des personnes atteintes de la maladie de Parkinson. Notre page Web Rester actif aborde les donn\u00e9es scientifiques derri\u00e8re l\u2019exercice et la maladie de Parkinson et vous aide \u00e0 \u00e9laborer un plan qui convient \u00e0 vos capacit\u00e9s, \u00e0 vos int\u00e9r\u00eats et \u00e0 vos objectifs. Elle souligne \u00e9galement comment vous pouvez trouver des groupes de mouvement communautaires par l\u2019entremise de CareFinder, car il est plus facile de rester actif lorsque vous \u00eates connect\u00e9.   <\/p>\n\n\n\n<div class=\"wp-block-buttons is-layout-flex wp-block-buttons-is-layout-flex\">\n<div class=\"wp-block-button\"><a class=\"wp-block-button__link wp-element-button\" href=\"https:\/\/www.parkinson.ca\/fr\/home\/mieux-vivre-avec-la-maladie-de-parkinson\/rester-actif\/\">En savoir plus<\/a><\/div>\n<\/div>\n<\/div><\/div>\n\n\n\n<div style=\"height:70px\" aria-hidden=\"true\" class=\"wp-block-spacer\"><\/div>\n\n\n\n<h3 class=\"wp-block-heading has-blue-color has-text-color has-link-color wp-elements-f67b3ee68381336bb2501a0edaff9f98\"><strong>Quelques publications utiles suppl\u00e9mentaires&nbsp;:<\/strong> <\/h3>\n\n\n\n<div class=\"wp-block-columns are-vertically-aligned-center is-layout-flex wp-container-core-columns-is-layout-d735db0d wp-block-columns-is-layout-flex\" style=\"padding-top:0;padding-right:0;padding-bottom:0;padding-left:0\">\n<div class=\"wp-block-column is-vertically-aligned-center is-layout-flow wp-block-column-is-layout-flow\">\n<figure class=\"wp-block-image alignleft size-large is-resized\"><a href=\"https:\/\/www.parkinson.ca\/fr\/ressources\/publications-educatives\/prevention-des-chutes-chez-les-personnes-atteintes-de-la-maladie-de-parkinson\/\"><img loading=\"lazy\" decoding=\"async\" width=\"534\" height=\"700\" src=\"https:\/\/www.parkinson.ca\/wp-content\/uploads\/\/preventing-falls-fr-534x700.jpg\" alt=\"Couverture de livre pour \" class=\"wp-image-29260\" style=\"object-fit:cover;width:232px;height:320px\" srcset=\"https:\/\/www.parkinson.ca\/wp-content\/uploads\/preventing-falls-fr-534x700.jpg 534w, https:\/\/www.parkinson.ca\/wp-content\/uploads\/preventing-falls-fr-229x300.jpg 229w, https:\/\/www.parkinson.ca\/wp-content\/uploads\/preventing-falls-fr-114x150.jpg 114w, https:\/\/www.parkinson.ca\/wp-content\/uploads\/preventing-falls-fr-100x131.jpg 100w, https:\/\/www.parkinson.ca\/wp-content\/uploads\/preventing-falls-fr.jpg 610w\" sizes=\"auto, (max-width: 534px) 100vw, 534px\" \/><\/a><\/figure>\n<\/div>\n\n\n\n<div class=\"wp-block-column is-vertically-aligned-center is-layout-flow wp-block-column-is-layout-flow\">\n<figure class=\"wp-block-image alignleft size-full is-resized is-style-default\"><a href=\"https:\/\/www.parkinson.ca\/wp-content\/uploads\/2025\/04\/Dental-care-and-Parkinsons-Fact-Sheet_2025_FR.pdf\"><img loading=\"lazy\" decoding=\"async\" width=\"232\" height=\"320\" src=\"https:\/\/www.parkinson.ca\/wp-content\/uploads\/2026\/01\/Untitled-design-2.png\" alt=\"Dental care and Parkinson\u2019s\" class=\"wp-image-56068\" style=\"object-fit:cover;width:232px;height:320px\" srcset=\"https:\/\/www.parkinson.ca\/wp-content\/uploads\/2026\/01\/Untitled-design-2.png 232w, https:\/\/www.parkinson.ca\/wp-content\/uploads\/2026\/01\/Untitled-design-2-218x300.png 218w, https:\/\/www.parkinson.ca\/wp-content\/uploads\/2026\/01\/Untitled-design-2-36x50.png 36w, https:\/\/www.parkinson.ca\/wp-content\/uploads\/2026\/01\/Untitled-design-2-73x100.png 73w\" sizes=\"auto, (max-width: 232px) 100vw, 232px\" \/><\/a><\/figure>\n<\/div>\n\n\n\n<div class=\"wp-block-column is-vertically-aligned-center is-layout-flow wp-block-column-is-layout-flow\">\n<figure class=\"wp-block-image alignleft size-large is-resized\"><a href=\"https:\/\/www.parkinson.ca\/wp-content\/uploads\/2025\/04\/Mental-health-and-Parkinsons-Fact-Sheet_2025_FR.pdf\"><img loading=\"lazy\" decoding=\"async\" width=\"682\" height=\"1024\" src=\"https:\/\/www.parkinson.ca\/wp-content\/uploads\/2025\/01\/53-Mississauga-Superwalk-2023-682x1024.jpg\" alt=\"\" class=\"wp-image-47275\" style=\"object-fit:cover;width:232px;height:320px\" srcset=\"https:\/\/www.parkinson.ca\/wp-content\/uploads\/2025\/01\/53-Mississauga-Superwalk-2023-682x1024.jpg 682w, https:\/\/www.parkinson.ca\/wp-content\/uploads\/2025\/01\/53-Mississauga-Superwalk-2023-200x300.jpg 200w, https:\/\/www.parkinson.ca\/wp-content\/uploads\/2025\/01\/53-Mississauga-Superwalk-2023-768x1152.jpg 768w, https:\/\/www.parkinson.ca\/wp-content\/uploads\/2025\/01\/53-Mississauga-Superwalk-2023-426x639.jpg 426w, https:\/\/www.parkinson.ca\/wp-content\/uploads\/2025\/01\/53-Mississauga-Superwalk-2023-720x1080.jpg 720w, https:\/\/www.parkinson.ca\/wp-content\/uploads\/2025\/01\/53-Mississauga-Superwalk-2023.jpg 1333w\" sizes=\"auto, (max-width: 682px) 100vw, 682px\" \/><\/a><\/figure>\n<\/div>\n<\/div>\n\n\n\n<div class=\"wp-block-columns .remove-top-bottom-space { margin-bottom: 0; martin-top: } is-layout-flex wp-container-core-columns-is-layout-e2beec5a wp-block-columns-is-layout-flex\" style=\"padding-top:0px;padding-bottom:0px\">\n<div class=\"wp-block-column is-layout-flow wp-block-column-is-layout-flow\">\n<p><strong>Pr\u00e9vention des chutes<\/strong> <\/p>\n\n\n\n<p>Les chutes sont une pr\u00e9occupation pour de nombreuses personnes de la communaut\u00e9 de Parkinson. Nos ressources de pr\u00e9vention des chutes offrent des strat\u00e9gies pour vous aider \u00e0 vous sentir plus en confiance \u00e0 la maison et dans la communaut\u00e9. Des ajustements simples aux conseils sur la posture et la mobilit\u00e9, ces outils soutiennent votre autonomie et votre s\u00e9curit\u00e9.<\/p>\n<\/div>\n\n\n\n<div class=\"wp-block-column is-vertically-aligned-top is-layout-flow wp-block-column-is-layout-flow\">\n<p><strong>Soins dentaires et maladie de Parkinson <\/strong> <\/p>\n\n\n\n<p>La sant\u00e9 dentaire joue un r\u00f4le important dans le bien-\u00eatre g\u00e9n\u00e9ral. Cette fiche d\u2019information d\u00e9crit ce que les personnes atteintes de la maladie de Parkinson et leurs partenaires de soins peuvent garder \u00e0 l\u2019esprit lors de la planification des visites dentaires, des routines de brossage et des soins buccaux. Des conseils clairs et pratiques facilitent le maintien d\u2019une bonne sant\u00e9 buccodentaire.   <\/p>\n<\/div>\n\n\n\n<div class=\"wp-block-column is-vertically-aligned-top is-layout-flow wp-block-column-is-layout-flow\">\n<p><strong>Sant\u00e9 mentale et maladie de Parkinson<\/strong> <\/p>\n\n\n\n<p>Le bien-\u00eatre \u00e9motionnel est tout aussi important que la sant\u00e9 physique. Le guide Sant\u00e9 mentale et maladie de Parkinson de Parkinson Canada fournit des renseignements sur les exp\u00e9riences \u00e9motionnelles courantes, les fa\u00e7ons de demander de l\u2019aide et les outils pour g\u00e9rer le stress, l\u2019anxi\u00e9t\u00e9 ou la mauvaise humeur. Vous n\u2019\u00eates pas seul, et tendre la main est un signe de force.  <\/p>\n<\/div>\n<\/div>\n\n\n\n<div class=\"wp-block-columns are-vertically-aligned-top .tighter-space {margin-top: -50px; \/* Adjust the pixel value as needed *\/ } has-regular-font-size is-layout-flex wp-container-core-columns-is-layout-abbe5815 wp-block-columns-is-layout-flex\" style=\"padding-top:0;padding-right:0;padding-bottom:0;padding-left:0\">\n<div class=\"wp-block-column is-vertically-aligned-top is-layout-flow wp-block-column-is-layout-flow\">\n<div class=\"wp-block-buttons is-layout-flex wp-block-buttons-is-layout-flex\">\n<div class=\"wp-block-button\"><a class=\"wp-block-button__link wp-element-button\" href=\"https:\/\/www.parkinson.ca\/fr\/ressources\/publications-educatives\/prevention-des-chutes-chez-les-personnes-atteintes-de-la-maladie-de-parkinson\/\">En savoir plus<\/a><\/div>\n<\/div>\n<\/div>\n\n\n\n<div class=\"wp-block-column is-vertically-aligned-top .remove-top-bottom-space {margin-bottom: -10; martin-top: } is-layout-flow wp-block-column-is-layout-flow\">\n<div class=\"wp-block-buttons is-layout-flex wp-block-buttons-is-layout-flex\">\n<div class=\"wp-block-button\"><a class=\"wp-block-button__link wp-element-button\" href=\"https:\/\/www.parkinson.ca\/wp-content\/uploads\/2025\/04\/Dental-care-and-Parkinsons-Fact-Sheet_2025_FR.pdf\">En savoir plus<\/a><\/div>\n<\/div>\n<\/div>\n\n\n\n<div class=\"wp-block-column is-vertically-aligned-top is-layout-flow wp-block-column-is-layout-flow\">\n<div class=\"wp-block-buttons is-layout-flex wp-block-buttons-is-layout-flex\">\n<div class=\"wp-block-button\"><a class=\"wp-block-button__link wp-element-button\" href=\"https:\/\/www.parkinson.ca\/wp-content\/uploads\/2025\/04\/Mental-health-and-Parkinsons-Fact-Sheet_2025_FR.pdf\">En savoir plus<\/a><\/div>\n<\/div>\n<\/div>\n<\/div>\n\n\n\n<div style=\"height:30px\" aria-hidden=\"true\" class=\"wp-block-spacer\"><\/div>\n\n\n\n<hr class=\"wp-block-separator has-alpha-channel-opacity\"\/>\n\n\n\n<div class=\"wp-block-group is-layout-constrained wp-block-group-is-layout-constrained\">\n<div style=\"height:100px\" aria-hidden=\"true\" class=\"wp-block-spacer is-style-responsive-xsmall\"><\/div>\n\n\n\n<h2 class=\"wp-block-heading has-blue-color has-text-color has-link-color has-large-font-size wp-elements-8832b830334bba9d6bf941424710ffc3\"><strong>Envisager une excellente ann\u00e9e&nbsp;2026<\/strong> <\/h2>\n\n\n\n<p>Bien vivre avec la maladie de Parkinson signifie avoir acc\u00e8s \u00e0 de l\u2019information, \u00e0 du soutien et \u00e0 une communaut\u00e9. Ces ressources sont l\u00e0 pour vous aider, vous et vos proches, \u00e0 vous sentir pr\u00e9par\u00e9s, inform\u00e9s et autonomes \u00e0 l\u2019approche de la nouvelle ann\u00e9e. Parkinson Canada est l\u00e0 avec vous, \u00e0 chaque \u00e9tape du chemin. Faisons de 2026 une ann\u00e9e de confiance, de connexion et de bien-\u00eatre.    <\/p>\n\n\n\n<p>Communiquez avec notre ligne de soutien pour obtenir de plus amples renseignements sur l\u2019un de ces sujets ou pour obtenir un soutien personnalis\u00e9 suppl\u00e9mentaire. <\/p>\n\n\n\n<div class=\"wp-block-buttons is-layout-flex wp-block-buttons-is-layout-flex\">\n<div class=\"wp-block-button\"><a class=\"wp-block-button__link wp-element-button\" href=\"https:\/\/www.parkinson.ca\/fr\/ressources\/ligne-de-soutien-pour-la-maladie-de-parkinson\/\">Contactez notre \u00e9quipe d&rsquo;assistance<\/a><\/div>\n<\/div>\n<\/div>\n\n\n\n<div style=\"height:100px\" aria-hidden=\"true\" class=\"wp-block-spacer\"><\/div>\n\n\n\n<div style=\"height:100px\" aria-hidden=\"true\" class=\"wp-block-spacer\"><\/div>\n","protected":false},"excerpt":{"rendered":"<p>Au d\u00e9but d\u2019une nouvelle ann\u00e9e, nous pensons \u00e0 tourner une nouvelle page. Cela signifie prendre des r\u00e9solutions, faire des plans et envisager l\u2019avenir pour faire de cette ann\u00e9e une ann\u00e9e exceptionnelle. Heureusement, Parkinson Canada est l\u00e0 pour vous aider gr\u00e2ce \u00e0 des ressources et des guides utiles pour vous aider \u00e0 bien vivre. Que vous [&hellip;]<\/p>\n","protected":false},"author":180,"featured_media":56005,"comment_status":"open","ping_status":"open","sticky":false,"template":"","format":"standard","meta":{"_acf_changed":false,"footnotes":""},"categories":[354,237,248],"tags":[],"audience":[283,343,344],"class_list":["post-56024","post","type-post","status-publish","format-standard","has-post-thumbnail","hentry","category-anglais","category-blogue-fr","category-mieux-vivre-avec-la-maladie-de-parkinson","audience-carepartners","audience-living-with-parkinsons","audience-newly-diagnosed"],"acf":[],"aioseo_notices":[],"_links":{"self":[{"href":"https:\/\/www.parkinson.ca\/fr\/wp-json\/wp\/v2\/posts\/56024","targetHints":{"allow":["GET"]}}],"collection":[{"href":"https:\/\/www.parkinson.ca\/fr\/wp-json\/wp\/v2\/posts"}],"about":[{"href":"https:\/\/www.parkinson.ca\/fr\/wp-json\/wp\/v2\/types\/post"}],"author":[{"embeddable":true,"href":"https:\/\/www.parkinson.ca\/fr\/wp-json\/wp\/v2\/users\/180"}],"replies":[{"embeddable":true,"href":"https:\/\/www.parkinson.ca\/fr\/wp-json\/wp\/v2\/comments?post=56024"}],"version-history":[{"count":26,"href":"https:\/\/www.parkinson.ca\/fr\/wp-json\/wp\/v2\/posts\/56024\/revisions"}],"predecessor-version":[{"id":56081,"href":"https:\/\/www.parkinson.ca\/fr\/wp-json\/wp\/v2\/posts\/56024\/revisions\/56081"}],"wp:featuredmedia":[{"embeddable":true,"href":"https:\/\/www.parkinson.ca\/fr\/wp-json\/wp\/v2\/media\/56005"}],"wp:attachment":[{"href":"https:\/\/www.parkinson.ca\/fr\/wp-json\/wp\/v2\/media?parent=56024"}],"wp:term":[{"taxonomy":"category","embeddable":true,"href":"https:\/\/www.parkinson.ca\/fr\/wp-json\/wp\/v2\/categories?post=56024"},{"taxonomy":"post_tag","embeddable":true,"href":"https:\/\/www.parkinson.ca\/fr\/wp-json\/wp\/v2\/tags?post=56024"},{"taxonomy":"audience","embeddable":true,"href":"https:\/\/www.parkinson.ca\/fr\/wp-json\/wp\/v2\/audience?post=56024"}],"curies":[{"name":"wp","href":"https:\/\/api.w.org\/{rel}","templated":true}]}}