{"id":55893,"date":"2025-12-12T16:29:20","date_gmt":"2025-12-12T16:29:20","guid":{"rendered":"https:\/\/www.parkinson.ca\/recapitulatif-de-la-conference-journee-de-la-recherche-sur-la-maladie-de-parkinson-dans-le-sud-ouest-de-lontario\/"},"modified":"2025-12-12T16:45:08","modified_gmt":"2025-12-12T16:45:08","slug":"recapitulatif-de-la-conference-journee-de-la-recherche-sur-la-maladie-de-parkinson-dans-le-sud-ouest-de-lontario","status":"publish","type":"post","link":"https:\/\/www.parkinson.ca\/fr\/recapitulatif-de-la-conference-journee-de-la-recherche-sur-la-maladie-de-parkinson-dans-le-sud-ouest-de-lontario\/","title":{"rendered":"R\u00e9capitulatif de la conf\u00e9rence&nbsp;: Journ\u00e9e de la recherche sur la maladie de Parkinson dans le sud-ouest de l\u2019Ontario"},"content":{"rendered":"\n<p>Le 19\u00a0novembre\u00a02025, Parkinson Canada a organis\u00e9 la Journ\u00e9e de la recherche sur la maladie de Parkinson dans le sud-ouest de l\u2019Ontario \u00e0 London. L\u2019\u00e9v\u00e9nement a r\u00e9uni des chercheurs, des cliniciens, des stagiaires, des organismes communautaires et des personnes atteintes de la maladie de Parkinson pour une journ\u00e9e compl\u00e8te d\u2019apprentissage, de collaboration et de conversation. La r\u00e9union a \u00e9galement mis en \u00e9vidence la force croissante du sud-ouest de l\u2019Ontario dans la recherche et les soins cliniques li\u00e9s \u00e0 la maladie de Parkinson, et comment la collaboration entre ces groupes peut soutenir ce travail afin de s\u2019assurer que les besoins des patients sont satisfaits.  <\/p>\n\n<div style=\"height:30px\" aria-hidden=\"true\" class=\"wp-block-spacer is-style-responsive-xsmall\"><\/div>\n\n<figure class=\"wp-block-gallery has-nested-images columns-default is-cropped wp-block-gallery-1 is-layout-flex wp-block-gallery-is-layout-flex\">\n<figure class=\"wp-block-image size-full\"><img loading=\"lazy\" decoding=\"async\" width=\"2560\" height=\"1920\" data-id=\"55884\" src=\"https:\/\/www.parkinson.ca\/wp-content\/uploads\/2025\/12\/Image-13-scaled.jpeg\" alt=\"\" class=\"wp-image-55884\" srcset=\"https:\/\/www.parkinson.ca\/wp-content\/uploads\/2025\/12\/Image-13-scaled.jpeg 2560w, https:\/\/www.parkinson.ca\/wp-content\/uploads\/2025\/12\/Image-13-300x225.jpeg 300w\" sizes=\"auto, (max-width: 2560px) 100vw, 2560px\" \/><\/figure>\n\n\n\n<figure class=\"wp-block-image size-large\"><img loading=\"lazy\" decoding=\"async\" width=\"1024\" height=\"768\" data-id=\"55878\" src=\"https:\/\/www.parkinson.ca\/wp-content\/uploads\/2025\/12\/Image-12-1-1024x768.jpeg\" alt=\"\" class=\"wp-image-55878\" srcset=\"https:\/\/www.parkinson.ca\/wp-content\/uploads\/2025\/12\/Image-12-1-1024x768.jpeg 1024w, https:\/\/www.parkinson.ca\/wp-content\/uploads\/2025\/12\/Image-12-1-300x225.jpeg 300w, https:\/\/www.parkinson.ca\/wp-content\/uploads\/2025\/12\/Image-12-1-768x576.jpeg 768w, https:\/\/www.parkinson.ca\/wp-content\/uploads\/2025\/12\/Image-12-1-426x320.jpeg 426w, https:\/\/www.parkinson.ca\/wp-content\/uploads\/2025\/12\/Image-12-1-1440x1080.jpeg 1440w, https:\/\/www.parkinson.ca\/wp-content\/uploads\/2025\/12\/Image-12-1-50x38.jpeg 50w, https:\/\/www.parkinson.ca\/wp-content\/uploads\/2025\/12\/Image-12-1-100x75.jpeg 100w\" sizes=\"auto, (max-width: 1024px) 100vw, 1024px\" \/><\/figure>\n\n\n\n<figure class=\"wp-block-image size-large\"><img loading=\"lazy\" decoding=\"async\" width=\"800\" height=\"600\" data-id=\"55876\" src=\"https:\/\/www.parkinson.ca\/wp-content\/uploads\/2025\/12\/Image-9-1.jpeg\" alt=\"\" class=\"wp-image-55876\" srcset=\"https:\/\/www.parkinson.ca\/wp-content\/uploads\/2025\/12\/Image-9-1.jpeg 800w, https:\/\/www.parkinson.ca\/wp-content\/uploads\/2025\/12\/Image-9-1-300x225.jpeg 300w, https:\/\/www.parkinson.ca\/wp-content\/uploads\/2025\/12\/Image-9-1-768x576.jpeg 768w, https:\/\/www.parkinson.ca\/wp-content\/uploads\/2025\/12\/Image-9-1-426x320.jpeg 426w, https:\/\/www.parkinson.ca\/wp-content\/uploads\/2025\/12\/Image-9-1-50x38.jpeg 50w, https:\/\/www.parkinson.ca\/wp-content\/uploads\/2025\/12\/Image-9-1-100x75.jpeg 100w\" sizes=\"auto, (max-width: 800px) 100vw, 800px\" \/><\/figure>\n<\/figure>\n\n<div style=\"height:100px\" aria-hidden=\"true\" class=\"wp-block-spacer is-style-responsive-xsmall\"><\/div>\n\n<h2 class=\"wp-block-heading\"><strong>Principaux points \u00e0 retenir<\/strong> <\/h2>\n\n<p>Des tables rondes et des pr\u00e9sentations ont eu lieu tout au long de la journ\u00e9e. Voici quelques-uns des principaux points \u00e0 retenir et des faits saillants qui sont ressortis de ces conversations.  <\/p>\n\n<ul class=\"wp-block-list\">\n<li><strong>Recherche ax\u00e9e sur le patient<\/strong> <br\/>Il y a un d\u00e9sir croissant de s\u2019assurer que la recherche sur la maladie de Parkinson est ax\u00e9e sur le patient et inclusive. Cela signifie inclure les personnes atteintes de la maladie de Parkinson dans le processus de recherche et tenir compte de leurs points de vue dans la conception de la recherche.  <br\/> <\/li>\n<\/ul>\n\n<ul class=\"wp-block-list\">\n<li><strong>L\u2019exercice comme pierre angulaire \u2013 mais pas la panac\u00e9e<\/strong> <br\/>L\u2019exercice demeure l\u2019une des interventions actuelles les plus efficaces pour les sympt\u00f4mes moteurs et non moteurs. Les participants ont discut\u00e9 d\u2019autres pistes de recherche sur l\u2019exercice, comme les appareils portables, l\u2019inflammation et les marqueurs pr\u00e9dictifs, ainsi que des obstacles \u00e0 l\u2019exercice pour les personnes atteintes de la maladie de Parkinson. Dans l\u2019ensemble, l\u2019exercice a \u00e9t\u00e9 renforc\u00e9 en tant qu\u2019outil cl\u00e9, mais certaines discussions ont \u00e9galement soulev\u00e9 la n\u00e9cessit\u00e9 d\u2019options autres que l\u2019exercice.   <br\/> <\/li>\n<\/ul>\n\n<ul class=\"wp-block-list\">\n<li><strong>Science ouverte et partage transparent des donn\u00e9es<\/strong> <br\/>La capacit\u00e9 de la transparence et de l\u2019information partag\u00e9e \u00e0 acc\u00e9l\u00e9rer les d\u00e9couvertes a \u00e9t\u00e9 discut\u00e9e. Cela comprend le partage de donn\u00e9es, de r\u00e9sultats et de protocoles entre les \u00e9tablissements. Cela comprend \u00e9galement le fait de s\u2019assurer que les participants \u00e0 la recherche comprennent parfaitement comment et pourquoi leurs donn\u00e9es sont utilis\u00e9es, et qu\u2019il y a confiance et transparence entre la communaut\u00e9 de la maladie de Parkinson et les chercheurs. Les participants \u00e0 la conf\u00e9rence ont soulign\u00e9 la n\u00e9cessit\u00e9 de pratiques de recherche ouvertes tout en maintenant la confidentialit\u00e9.    <br\/> <\/li>\n<\/ul>\n\n<ul class=\"wp-block-list\">\n<li><strong>Sensibilisation \u00e0 la communaut\u00e9<\/strong> <br\/>Beaucoup de recherches \u00e9tonnantes se d\u00e9roulent en coulisses, mais l\u2019information \u00e0 ce sujet est parfois lente \u00e0 atteindre la communaut\u00e9 de la maladie de Parkinson. L\u2019\u00e9laboration d\u2019un cadre de r\u00e9f\u00e9rence pour les pratiques exemplaires en mati\u00e8re de partage des r\u00e9sultats de la recherche a \u00e9t\u00e9 discut\u00e9e par les participants. Cela comprenait le fait de s\u2019assurer que l\u2019information sur la recherche est mise \u00e0 disposition dans une vari\u00e9t\u00e9 de formats afin qu\u2019elle soit accessible et ouverte.   <br\/> <\/li>\n<\/ul>\n\n<ul class=\"wp-block-list\">\n<li><strong>Collaboration, cr\u00e9ation d\u2019\u00e9cosyst\u00e8mes et financement<\/strong> <br\/>Peut-\u00eatre que le th\u00e8me qui souligne tous les autres de la conf\u00e9rence est la n\u00e9cessit\u00e9 de collaborer et d\u2019\u00e9tablir des relations. Cela comprend le fait de s\u2019assurer que les organisations telles que les universit\u00e9s, les h\u00f4pitaux, les groupes de d\u00e9fense des droits et le secteur priv\u00e9 ont des lignes de communication ouvertes. Cela facilitera les objectifs communs, le financement et le soutien potentiels de la recherche collaborative, et des conf\u00e9rences comme celle-ci sont essentielles pour le permettre.   <br\/> <\/li>\n<\/ul>\n\n<ul class=\"wp-block-list\">\n<li><strong>Sensibilisation, \u00e9ducation, d\u00e9fense des droits et soutien<\/strong> <br\/>En tant que trouble neurologique qui cro\u00eet le plus rapidement, il est imp\u00e9ratif de sensibiliser davantage \u00e0 la maladie de Parkinson. Les participants ont discut\u00e9 de la n\u00e9cessit\u00e9 d\u2019am\u00e9liorer les connaissances des cliniciens, du gouvernement et du public au sujet de la maladie de Parkinson, ainsi que de soutenir les programmes de mieux-\u00eatre pour les personnes qui en sont atteintes. Les discussions ont port\u00e9 sur des id\u00e9es telles que l\u2019organisation de s\u00e9ances d\u2019information sur la maladie de Parkinson, davantage de campagnes de sensibilisation et des ressources locales plus visibles. La lutte contre l\u2019isolement gr\u00e2ce \u00e0 des occasions sociales et la r\u00e9duction des obstacles pour les personnes atteintes de la maladie de Parkinson ont \u00e9galement \u00e9t\u00e9 d\u00e9sign\u00e9es comme des enjeux cl\u00e9s.    <\/li>\n<\/ul>\n\n<div style=\"height:100px\" aria-hidden=\"true\" class=\"wp-block-spacer is-style-responsive-xsmall\"><\/div>\n\n<h2 class=\"wp-block-heading\"><strong>Conclusion<\/strong> <\/h2>\n\n<p>Alors que la journ\u00e9e s\u2019est termin\u00e9e par des discussions en petits groupes, les participants ont offert des r\u00e9flexions approfondies sur l\u2019avenir. Beaucoup ont exprim\u00e9 le besoin de soins int\u00e9gr\u00e9s, de mod\u00e8les de recherche plus inclusifs et d\u2019un meilleur soutien aux collectivit\u00e9s rurales gr\u00e2ce \u00e0 des approches cliniques et scientifiques hybrides. D\u2019autres ont soulign\u00e9 l\u2019importance de lutter contre la stigmatisation, de sensibiliser davantage le public et d\u2019am\u00e9liorer la capacit\u00e9 des cliniciens \u00e0 mettre les gens en contact avec les ressources locales.   <\/p>\n\n<p>Les conf\u00e9rences comme la Journ\u00e9e de la recherche sur la maladie de Parkinson dans le sud-ouest de l\u2019Ontario d\u2019aujourd\u2019hui sont essentielles pour cr\u00e9er les liens qui alimentent les perc\u00e9es dans le domaine de la maladie de Parkinson. Elles comblent \u00e9galement les lacunes entre les groupes qui ne se connectent peut-\u00eatre pas r\u00e9guli\u00e8rement, comme la communaut\u00e9 de la maladie de Parkinson et les chercheurs, et permettent \u00e0 de nouvelles id\u00e9es de se r\u00e9pandre dans le domaine, ce qui pourrait avoir le plus d\u2019impact.  <\/p>\n\n<p>Vous souhaitez en savoir plus sur la fa\u00e7on dont Parkinson Canada soutient la recherche ou vous voulez vous impliquer? Veuillez consulter la <g id=\"gid_0\">page de recherche<\/g> de Parkinson Canada. Nous aimerions \u00e9galement remercier sinc\u00e8rement et souligner nos amis et partenaires de l\u2019Universit\u00e9 Western et de la Soci\u00e9t\u00e9 Parkinson du Sud-Ouest de l\u2019Ontario pour leur soutien dans l\u2019organisation de cette journ\u00e9e et tout le travail qu\u2019ils accomplissent pour soutenir la communaut\u00e9 locale de la maladie de Parkinson.   <\/p>\n\n<div style=\"height:100px\" aria-hidden=\"true\" class=\"wp-block-spacer is-style-responsive-xsmall\"><\/div>\n\n<p>Cet \u00e9v\u00e9nement a \u00e9t\u00e9 g\u00e9n\u00e9reusement commandit\u00e9 par BlueRock Therapeutics.<\/p>\n\n<figure class=\"wp-block-image size-full is-resized\"><img loading=\"lazy\" decoding=\"async\" width=\"600\" height=\"214\" src=\"https:\/\/www.parkinson.ca\/wp-content\/uploads\/2025\/08\/BlueRock-Logo-Full-Color-Final.png\" alt=\"\" class=\"wp-image-53793\" style=\"width:257px;height:auto\" srcset=\"https:\/\/www.parkinson.ca\/wp-content\/uploads\/2025\/08\/BlueRock-Logo-Full-Color-Final.png 600w, https:\/\/www.parkinson.ca\/wp-content\/uploads\/2025\/08\/BlueRock-Logo-Full-Color-Final-300x107.png 300w, https:\/\/www.parkinson.ca\/wp-content\/uploads\/2025\/08\/BlueRock-Logo-Full-Color-Final-426x152.png 426w\" sizes=\"auto, (max-width: 600px) 100vw, 600px\" \/><\/figure>\n\n<div style=\"height:100px\" aria-hidden=\"true\" class=\"wp-block-spacer\"><\/div>\n","protected":false},"excerpt":{"rendered":"<p>Le 19\u00a0novembre\u00a02025, Parkinson Canada a organis\u00e9 la Journ\u00e9e de la recherche sur la maladie de Parkinson dans le sud-ouest de l\u2019Ontario \u00e0 London. L\u2019\u00e9v\u00e9nement a r\u00e9uni des chercheurs, des cliniciens, des stagiaires, des organismes communautaires et des personnes atteintes de la maladie de Parkinson pour une journ\u00e9e compl\u00e8te d\u2019apprentissage, de collaboration et de conversation. La [&hellip;]<\/p>\n","protected":false},"author":90,"featured_media":55895,"comment_status":"open","ping_status":"open","sticky":false,"template":"","format":"standard","meta":{"_acf_changed":false,"footnotes":""},"categories":[237,324,249,246],"tags":[],"audience":[342,343],"class_list":["post-55893","post","type-post","status-publish","format-standard","has-post-thumbnail","hentry","category-blogue-fr","category-evenements","category-la-communaute-parkinson","category-recherche-blog","audience-health-care-and-research-professionals","audience-living-with-parkinsons"],"acf":[],"aioseo_notices":[],"_links":{"self":[{"href":"https:\/\/www.parkinson.ca\/fr\/wp-json\/wp\/v2\/posts\/55893","targetHints":{"allow":["GET"]}}],"collection":[{"href":"https:\/\/www.parkinson.ca\/fr\/wp-json\/wp\/v2\/posts"}],"about":[{"href":"https:\/\/www.parkinson.ca\/fr\/wp-json\/wp\/v2\/types\/post"}],"author":[{"embeddable":true,"href":"https:\/\/www.parkinson.ca\/fr\/wp-json\/wp\/v2\/users\/90"}],"replies":[{"embeddable":true,"href":"https:\/\/www.parkinson.ca\/fr\/wp-json\/wp\/v2\/comments?post=55893"}],"version-history":[{"count":1,"href":"https:\/\/www.parkinson.ca\/fr\/wp-json\/wp\/v2\/posts\/55893\/revisions"}],"predecessor-version":[{"id":55894,"href":"https:\/\/www.parkinson.ca\/fr\/wp-json\/wp\/v2\/posts\/55893\/revisions\/55894"}],"wp:featuredmedia":[{"embeddable":true,"href":"https:\/\/www.parkinson.ca\/fr\/wp-json\/wp\/v2\/media\/55895"}],"wp:attachment":[{"href":"https:\/\/www.parkinson.ca\/fr\/wp-json\/wp\/v2\/media?parent=55893"}],"wp:term":[{"taxonomy":"category","embeddable":true,"href":"https:\/\/www.parkinson.ca\/fr\/wp-json\/wp\/v2\/categories?post=55893"},{"taxonomy":"post_tag","embeddable":true,"href":"https:\/\/www.parkinson.ca\/fr\/wp-json\/wp\/v2\/tags?post=55893"},{"taxonomy":"audience","embeddable":true,"href":"https:\/\/www.parkinson.ca\/fr\/wp-json\/wp\/v2\/audience?post=55893"}],"curies":[{"name":"wp","href":"https:\/\/api.w.org\/{rel}","templated":true}]}}