{"id":55815,"date":"2025-11-27T06:00:00","date_gmt":"2025-11-27T06:00:00","guid":{"rendered":"https:\/\/www.parkinson.ca\/points-cles-de-la-conference-solve-parkinsons\/"},"modified":"2025-11-26T19:13:36","modified_gmt":"2025-11-26T19:13:36","slug":"points-cles-de-la-conference-solve-parkinsons","status":"publish","type":"post","link":"https:\/\/www.parkinson.ca\/fr\/points-cles-de-la-conference-solve-parkinsons\/","title":{"rendered":"Points cl\u00e9s de la conf\u00e9rence SOLVE Parkinson&rsquo;s"},"content":{"rendered":"\n<p>En collaboration avec l&rsquo;Universit\u00e9 du Nouveau-Brunswick (UNB) et le Groupe de travail sur la maladie de Parkinson du Nouveau-Brunswick, Parkinson Canada \u00e9tait fier d&rsquo;organiser la Conf\u00e9rence SOLVE Parkinson&rsquo;s \u00e0 Fredericton, au Nouveau-Brunswick, le 20 octobre. Ce rassemblement a r\u00e9uni un groupe diversifi\u00e9 de voix, incluant des personnes vivant avec la maladie de Parkinson, des partenaires de soins, des professionnels de la sant\u00e9, des chercheurs et des d\u00e9fenseurs communautaires de toute la province.  <\/p>\n\n<p>L&rsquo;objectif de la conf\u00e9rence \u00e9tait de cr\u00e9er un espace o\u00f9 l&rsquo;ensemble de la communaut\u00e9 Parkinson pourrait se connecter, collaborer et tracer une voie commune vers l&rsquo;avenir. Gr\u00e2ce \u00e0 un dialogue ouvert et des discussions interactives avec des chercheurs, des cliniciens et des membres de la communaut\u00e9, les participants ont explor\u00e9 comment les forces uniques du Nouveau-Brunswick pourraient \u00eatre exploit\u00e9es pour am\u00e9liorer la recherche et les soins li\u00e9s \u00e0 la maladie de Parkinson, ainsi que les obstacles auxquels font actuellement face les membres de la communaut\u00e9 et qui doivent \u00eatre abord\u00e9s pour am\u00e9liorer le soutien et l&rsquo;acc\u00e8s aux ressources.  <\/p>\n\n<div style=\"height:30px\" aria-hidden=\"true\" class=\"wp-block-spacer is-style-responsive-xsmall\"><\/div>\n\n<h3 class=\"wp-block-heading\"><strong>Les forces uniques du Nouveau-Brunswick<\/strong> <\/h3>\n\n<p>Le Nouveau-Brunswick se distingue par ses liens communautaires \u00e9troits et son engagement \u00e0 soutenir ceux qui vivent avec la maladie de Parkinson. \u00c0 travers la province, les sections locales et les groupes de soutien se r\u00e9unissent r\u00e9guli\u00e8rement, offrant des espaces aux personnes atteintes de la maladie de Parkinson et aux partenaires de soins pour partager leurs exp\u00e9riences et acc\u00e9der aux ressources. Cet engagement est compl\u00e9t\u00e9 par un r\u00e9seau croissant de programmes cliniques, incluant des installations sp\u00e9cialis\u00e9es comme la Clinique MIND et des initiatives \u00e9mergentes de m\u00e9decine de pr\u00e9cision qui rapprochent les soins avanc\u00e9s du domicile. Le paysage de recherche de la province est \u00e9galement robuste, avec l&rsquo;Universit\u00e9 du Nouveau-Brunswick, l&rsquo;Universit\u00e9 de Moncton et les autres institutions acad\u00e9miques et cliniques de la province qui font progresser les \u00e9tudes sur les conditions neurod\u00e9g\u00e9n\u00e9ratives et contribuent une expertise pr\u00e9cieuse \u00e0 l&rsquo;\u00e9cosyst\u00e8me de recherche national.    <\/p>\n\n<p>En tant que seule province officiellement bilingue du Canada, le Nouveau-Brunswick offre \u00e9galement des opportunit\u00e9s uniques pour fournir des soins et une communication en anglais et en fran\u00e7ais. <\/p>\n\n<div style=\"height:30px\" aria-hidden=\"true\" class=\"wp-block-spacer is-style-responsive-xsmall\"><\/div>\n\n<figure class=\"wp-block-gallery has-nested-images columns-default is-cropped wp-block-gallery-1 is-layout-flex wp-block-gallery-is-layout-flex\">\n<figure class=\"wp-block-image size-full\"><img loading=\"lazy\" decoding=\"async\" width=\"600\" height=\"800\" data-id=\"55805\" src=\"https:\/\/parkinson.ca\/wp-content\/uploads\/2025\/11\/Image5.jpg\" alt=\"\" class=\"wp-image-55805\" srcset=\"https:\/\/www.parkinson.ca\/wp-content\/uploads\/2025\/11\/Image5.jpg 600w, https:\/\/www.parkinson.ca\/wp-content\/uploads\/2025\/11\/Image5-225x300.jpg 225w, https:\/\/www.parkinson.ca\/wp-content\/uploads\/2025\/11\/Image5-426x568.jpg 426w, https:\/\/www.parkinson.ca\/wp-content\/uploads\/2025\/11\/Image5-38x50.jpg 38w, https:\/\/www.parkinson.ca\/wp-content\/uploads\/2025\/11\/Image5-75x100.jpg 75w\" sizes=\"auto, (max-width: 600px) 100vw, 600px\" \/><\/figure>\n\n\n\n<figure class=\"wp-block-image size-large\"><img loading=\"lazy\" decoding=\"async\" width=\"768\" height=\"1024\" data-id=\"55809\" src=\"https:\/\/parkinson.ca\/wp-content\/uploads\/2025\/11\/Image3-768x1024.jpg\" alt=\"\" class=\"wp-image-55809\" srcset=\"https:\/\/www.parkinson.ca\/wp-content\/uploads\/2025\/11\/Image3-768x1024.jpg 768w, https:\/\/www.parkinson.ca\/wp-content\/uploads\/2025\/11\/Image3-225x300.jpg 225w, https:\/\/www.parkinson.ca\/wp-content\/uploads\/2025\/11\/Image3-426x568.jpg 426w, https:\/\/www.parkinson.ca\/wp-content\/uploads\/2025\/11\/Image3-810x1080.jpg 810w, https:\/\/www.parkinson.ca\/wp-content\/uploads\/2025\/11\/Image3-1875x2500.jpg 1875w, https:\/\/www.parkinson.ca\/wp-content\/uploads\/2025\/11\/Image3-38x50.jpg 38w, https:\/\/www.parkinson.ca\/wp-content\/uploads\/2025\/11\/Image3-75x100.jpg 75w, https:\/\/www.parkinson.ca\/wp-content\/uploads\/2025\/11\/Image3-scaled.jpg 1920w\" sizes=\"auto, (max-width: 768px) 100vw, 768px\" \/><\/figure>\n<\/figure>\n\n<div style=\"height:100px\" aria-hidden=\"true\" class=\"wp-block-spacer is-style-responsive-xsmall\"><\/div>\n\n<h3 class=\"wp-block-heading\"><strong>S&rsquo;appuyer sur ce qui fonctionne d\u00e9j\u00e0<\/strong> <\/h3>\n\n<p>Les discussions ont mis en \u00e9vidence plusieurs programmes et partenariats existants qui pourraient \u00eatre \u00e9tendus ou adapt\u00e9s pour renforcer davantage la recherche et les soins li\u00e9s \u00e0 la maladie de Parkinson au Nouveau-Brunswick. La Clinique MIND, par exemple, a \u00e9t\u00e9 reconnue comme un atout cl\u00e9 dont les ressources et l&rsquo;expertise pourraient \u00eatre exploit\u00e9es pour fournir des services sp\u00e9cifiques \u00e0 la maladie de Parkinson. De m\u00eame, les groupes de soutien existants pour la maladie de Parkinson ont le potentiel d&rsquo;\u00e9tendre leur port\u00e9e, offrant une \u00e9ducation compl\u00e8te et un soutien par les pairs \u00e0 travers la province.   <\/p>\n\n<p>Les programmes de sant\u00e9 communautaires qui prosp\u00e8rent d\u00e9j\u00e0 dans d&rsquo;autres domaines pourraient \u00eatre examin\u00e9s comme exemples pour des programmes visant \u00e0 mieux servir les personnes atteintes de la maladie de Parkinson, tel que le Programme First Link ax\u00e9 sur l&rsquo;Alzheimer, identifi\u00e9 comme un mod\u00e8le qui pourrait \u00eatre adapt\u00e9 pour la maladie de Parkinson afin de promouvoir l&rsquo;intervention pr\u00e9coce et des connexions plus solides aux ressources. Les participants ont \u00e9galement discut\u00e9 d&rsquo;opportunit\u00e9s pour am\u00e9liorer la collaboration au sein des \u00e9quipes de sant\u00e9 primaires et pour adapter des initiatives comme le Programme de navigation pour les a\u00een\u00e9s afin d&rsquo;inclure des conseils et un soutien sp\u00e9cifiques \u00e0 la maladie de Parkinson.  <\/p>\n\n<div style=\"height:30px\" aria-hidden=\"true\" class=\"wp-block-spacer is-style-responsive-xsmall\"><\/div>\n\n<h3 class=\"wp-block-heading\"><strong>Aborder les lacunes et besoins cl\u00e9s<\/strong> <\/h3>\n\n<p>Malgr\u00e9 ces forces, les participants ont identifi\u00e9 plusieurs d\u00e9fis qui doivent \u00eatre abord\u00e9s pour maximiser l&rsquo;impact du Nouveau-Brunswick dans les soins et la recherche li\u00e9s \u00e0 la maladie de Parkinson. Ces d\u00e9fis incluent :  <\/p>\n\n<ul class=\"wp-block-list\">\n<li>Des pr\u00e9occupations d&rsquo;accessibilit\u00e9, avec des options de transport limit\u00e9es et une infrastructure cr\u00e9ant des obstacles aux soins. <\/li>\n<\/ul>\n\n<ul class=\"wp-block-list\">\n<li>Une p\u00e9nurie de neurologues et d&rsquo;autres sp\u00e9cialistes qui retarde souvent le diagnostic et le traitement. <\/li>\n<\/ul>\n\n<ul class=\"wp-block-list\">\n<li>Une coordination incoh\u00e9rente entre les fournisseurs de soins de sant\u00e9, menant \u00e0 des exp\u00e9riences de soins fragment\u00e9es pour les patients et les familles. Il y a un d\u00e9sir de la part de nombreux participants pour une meilleure communication au sein du syst\u00e8me de sant\u00e9.  <\/li>\n<\/ul>\n\n<ul class=\"wp-block-list\">\n<li>Les partenaires de soins font \u00e9galement face \u00e0 des d\u00e9fis pour acc\u00e9der aux soins, aux ressources de sant\u00e9 mentale et au soutien par les pairs. <\/li>\n<\/ul>\n\n<ul class=\"wp-block-list\">\n<li>Les personnes vivant avec la maladie de Parkinson ont exprim\u00e9 des difficult\u00e9s \u00e0 trouver et \u00e0 participer \u00e0 des opportunit\u00e9s de recherche en raison d&rsquo;informations limit\u00e9es et d&rsquo;obstacles logistiques. <\/li>\n<\/ul>\n\n<p><\/p>\n\n<p>Comme l&rsquo;ont not\u00e9 de nombreux participants, les attentes sont \u00e9lev\u00e9es pour une petite province comme le Nouveau-Brunswick. Il y a beaucoup d&rsquo;engagement et d&rsquo;\u00e9nergie, mais les ressources et l&rsquo;infrastructure doivent continuer \u00e0 cro\u00eetre pour r\u00e9pondre aux besoins de la communaut\u00e9.  <\/p>\n\n<div style=\"height:30px\" aria-hidden=\"true\" class=\"wp-block-spacer is-style-responsive-xsmall\"><\/div>\n\n<h3 class=\"wp-block-heading\"><strong>Opportunit\u00e9s de collaboration nationale<\/strong> <\/h3>\n\n<p>Les participants ont vu un potentiel \u00e9norme dans le travail ensemble pour exploiter l&rsquo;expertise nationale, aligner les normes de soins et int\u00e9grer les initiatives locales dans des efforts de recherche plus larges. <\/p>\n\n<p>En am\u00e9liorant les canaux de communication entre les partenaires locaux et nationaux, le Nouveau-Brunswick peut s&rsquo;assurer que les informations pr\u00e9cieuses circulent dans les deux sens, permettant \u00e0 l&rsquo;innovation provinciale d&rsquo;informer les strat\u00e9gies nationales, et aux ressources nationales de soutenir les soins locaux. Le partage de ressources a \u00e9galement \u00e9merg\u00e9 comme une consid\u00e9ration importante. En distribuant du mat\u00e9riel \u00e9ducatif, des trousses d&rsquo;outils cliniques et des mises \u00e0 jour de recherche \u00e0 travers les r\u00e9seaux nationaux, les fournisseurs de soins de sant\u00e9 et les personnes atteintes de la maladie de Parkinson \u00e0 travers la province pourraient b\u00e9n\u00e9ficier d&rsquo;un acc\u00e8s plus large \u00e0 l&rsquo;information. Finalement, il y avait de l&rsquo;enthousiasme pour d\u00e9velopper de nouveaux programmes pour soutenir \u00e0 la fois les personnes atteintes de la maladie de Parkinson et leurs partenaires de soins, s&rsquo;assurant que les familles affect\u00e9es par la maladie de Parkinson aient acc\u00e8s \u00e0 des soins complets et compatissants o\u00f9 qu&rsquo;elles vivent au Nouveau-Brunswick.    <\/p>\n\n<div style=\"height:30px\" aria-hidden=\"true\" class=\"wp-block-spacer is-style-responsive-xsmall\"><\/div>\n\n<h3 class=\"wp-block-heading\"><strong>Aller de l&rsquo;avant<\/strong> <\/h3>\n\n<p>La Conf\u00e9rence SOLVE Parkinson&rsquo;s a fourni une opportunit\u00e9 pr\u00e9cieuse pour discuter ouvertement de ces r\u00e9alit\u00e9s et identifier des priorit\u00e9s claires pour l&rsquo;action. En favorisant les connexions entre les repr\u00e9sentants de la communaut\u00e9 locale, les cliniciens, les chercheurs et les organisations, l&rsquo;\u00e9v\u00e9nement a aid\u00e9 \u00e0 illuminer comment les efforts collectifs peuvent conduire \u00e0 un changement r\u00e9el.  <\/p>\n\n<p>Parkinson Canada aimerait remercier l&rsquo;\u00e9quipe de l&rsquo;UNB et le Groupe de travail sur la maladie de Parkinson du Nouveau-Brunswick pour leur collaboration et leur soutien dans ce travail. <\/p>\n\n<div style=\"height:100px\" aria-hidden=\"true\" class=\"wp-block-spacer\"><\/div>\n","protected":false},"excerpt":{"rendered":"<p>En collaboration avec l&rsquo;Universit\u00e9 du Nouveau-Brunswick (UNB) et le Groupe de travail sur la maladie de Parkinson du Nouveau-Brunswick, Parkinson Canada \u00e9tait fier d&rsquo;organiser la Conf\u00e9rence SOLVE Parkinson&rsquo;s \u00e0 Fredericton, au Nouveau-Brunswick, le 20 octobre. Ce rassemblement a r\u00e9uni un groupe diversifi\u00e9 de voix, incluant des personnes vivant avec la maladie de Parkinson, des partenaires [&hellip;]<\/p>\n","protected":false},"author":90,"featured_media":55824,"comment_status":"closed","ping_status":"closed","sticky":false,"template":"","format":"standard","meta":{"_acf_changed":false,"footnotes":""},"categories":[354,237,249,246],"tags":[],"audience":[342,343],"class_list":["post-55815","post","type-post","status-publish","format-standard","has-post-thumbnail","hentry","category-anglais","category-blogue-fr","category-la-communaute-parkinson","category-recherche-blog","audience-health-care-and-research-professionals","audience-living-with-parkinsons"],"acf":[],"aioseo_notices":[],"_links":{"self":[{"href":"https:\/\/www.parkinson.ca\/fr\/wp-json\/wp\/v2\/posts\/55815","targetHints":{"allow":["GET"]}}],"collection":[{"href":"https:\/\/www.parkinson.ca\/fr\/wp-json\/wp\/v2\/posts"}],"about":[{"href":"https:\/\/www.parkinson.ca\/fr\/wp-json\/wp\/v2\/types\/post"}],"author":[{"embeddable":true,"href":"https:\/\/www.parkinson.ca\/fr\/wp-json\/wp\/v2\/users\/90"}],"replies":[{"embeddable":true,"href":"https:\/\/www.parkinson.ca\/fr\/wp-json\/wp\/v2\/comments?post=55815"}],"version-history":[{"count":1,"href":"https:\/\/www.parkinson.ca\/fr\/wp-json\/wp\/v2\/posts\/55815\/revisions"}],"predecessor-version":[{"id":55816,"href":"https:\/\/www.parkinson.ca\/fr\/wp-json\/wp\/v2\/posts\/55815\/revisions\/55816"}],"wp:featuredmedia":[{"embeddable":true,"href":"https:\/\/www.parkinson.ca\/fr\/wp-json\/wp\/v2\/media\/55824"}],"wp:attachment":[{"href":"https:\/\/www.parkinson.ca\/fr\/wp-json\/wp\/v2\/media?parent=55815"}],"wp:term":[{"taxonomy":"category","embeddable":true,"href":"https:\/\/www.parkinson.ca\/fr\/wp-json\/wp\/v2\/categories?post=55815"},{"taxonomy":"post_tag","embeddable":true,"href":"https:\/\/www.parkinson.ca\/fr\/wp-json\/wp\/v2\/tags?post=55815"},{"taxonomy":"audience","embeddable":true,"href":"https:\/\/www.parkinson.ca\/fr\/wp-json\/wp\/v2\/audience?post=55815"}],"curies":[{"name":"wp","href":"https:\/\/api.w.org\/{rel}","templated":true}]}}