{"id":55666,"date":"2025-11-19T08:35:00","date_gmt":"2025-11-19T08:35:00","guid":{"rendered":"https:\/\/www.parkinson.ca\/?p=55666"},"modified":"2025-11-14T17:56:48","modified_gmt":"2025-11-14T17:56:48","slug":"la-maladie-de-parkinson-lors-de-la-journee-internationale-de-lhomme","status":"publish","type":"post","link":"https:\/\/www.parkinson.ca\/fr\/la-maladie-de-parkinson-lors-de-la-journee-internationale-de-lhomme\/","title":{"rendered":"La maladie de Parkinson lors de la Journ\u00e9e internationale de l&rsquo;homme"},"content":{"rendered":"\n<p>Le 19 novembre est la Journ\u00e9e internationale de l&rsquo;homme, une journ\u00e9e pour reconna\u00eetre les contributions positives des hommes dans leurs familles et leurs communaut\u00e9s. C&rsquo;est aussi l&rsquo;occasion d&rsquo;examiner les d\u00e9fis auxquels les hommes sont confront\u00e9s, notamment en mati\u00e8re de sant\u00e9 mentale et physique. Parkinson Canada reconna\u00eet la Journ\u00e9e internationale de l&rsquo;homme, les contributions des hommes de tous horizons \u00e0 notre soci\u00e9t\u00e9 et les d\u00e9fis auxquels ils font face.   <\/p>\n\n\n\n<div style=\"height:30px\" aria-hidden=\"true\" class=\"wp-block-spacer is-style-responsive-xsmall\"><\/div>\n\n\n\n<h3 class=\"wp-block-heading\"><strong>Les hommes, la maladie de Parkinson et l&rsquo;\u00e2ge<\/strong> <\/h3>\n\n\n\n<p>On pense souvent que la maladie de Parkinson n&rsquo;affecte principalement que les hommes \u00e2g\u00e9s, mais on estime que 5 \u00e0 20 % des personnes vivant avec la maladie de Parkinson sont diagnostiqu\u00e9es avant l&rsquo;\u00e2ge de 50 ans \u2013 ce qu&rsquo;on appelle aussi <a href=\"https:\/\/www.parkinson.ca\/fr\/quest-ce-que-la-maladie-de-parkinson\/debut-de-la-maladie\/\" target=\"_blank\" rel=\"noreferrer noopener\">la maladie de Parkinson pr\u00e9coce<\/a>.<\/p>\n\n\n\n<p>Voici quelques caract\u00e9ristiques principales de la maladie de Parkinson pr\u00e9coce <\/p>\n\n\n\n<ul class=\"wp-block-list\">\n<li>Elle est moins susceptible d&rsquo;entra\u00eener une d\u00e9mence et des probl\u00e8mes d&rsquo;\u00e9quilibre <\/li>\n<\/ul>\n\n\n\n<ul class=\"wp-block-list\">\n<li>Elle implique plus souvent une dystonie focale (crampes ou posture anormale dans une zone) <\/li>\n<\/ul>\n\n\n\n<ul class=\"wp-block-list\">\n<li>Il y a une plus grande sensibilit\u00e9 aux m\u00e9dicaments contre la maladie de Parkinson, mais une apparition plus pr\u00e9coce des effets secondaires, notamment les dyskin\u00e9sies et les fluctuations motrices (c&rsquo;est-\u00e0-dire l&rsquo;\u00ab \u00e9puisement \u00bb) <\/li>\n<\/ul>\n\n\n\n<div style=\"height:30px\" aria-hidden=\"true\" class=\"wp-block-spacer is-style-responsive-xsmall\"><\/div>\n\n\n\n<figure class=\"wp-block-gallery has-nested-images columns-2 is-cropped wp-block-gallery-1 is-layout-flex wp-block-gallery-is-layout-flex\">\n<figure class=\"wp-block-image size-large\"><img loading=\"lazy\" decoding=\"async\" width=\"540\" height=\"204\" data-id=\"55647\" src=\"https:\/\/www.parkinson.ca\/wp-content\/uploads\/2025\/11\/image.png\" alt=\"\" class=\"wp-image-55647\" srcset=\"https:\/\/www.parkinson.ca\/wp-content\/uploads\/2025\/11\/image.png 540w, https:\/\/www.parkinson.ca\/wp-content\/uploads\/2025\/11\/image-300x113.png 300w, https:\/\/www.parkinson.ca\/wp-content\/uploads\/2025\/11\/image-426x161.png 426w, https:\/\/www.parkinson.ca\/wp-content\/uploads\/2025\/11\/image-50x19.png 50w, https:\/\/www.parkinson.ca\/wp-content\/uploads\/2025\/11\/image-100x38.png 100w\" sizes=\"auto, (max-width: 540px) 100vw, 540px\" \/><\/figure>\n\n\n\n<figure class=\"wp-block-image size-large\"><img loading=\"lazy\" decoding=\"async\" width=\"540\" height=\"204\" data-id=\"55649\" src=\"https:\/\/www.parkinson.ca\/wp-content\/uploads\/2025\/11\/image-1.png\" alt=\"\" class=\"wp-image-55649\" srcset=\"https:\/\/www.parkinson.ca\/wp-content\/uploads\/2025\/11\/image-1.png 540w, https:\/\/www.parkinson.ca\/wp-content\/uploads\/2025\/11\/image-1-300x113.png 300w, https:\/\/www.parkinson.ca\/wp-content\/uploads\/2025\/11\/image-1-426x161.png 426w, https:\/\/www.parkinson.ca\/wp-content\/uploads\/2025\/11\/image-1-50x19.png 50w, https:\/\/www.parkinson.ca\/wp-content\/uploads\/2025\/11\/image-1-100x38.png 100w\" sizes=\"auto, (max-width: 540px) 100vw, 540px\" \/><\/figure>\n\n\n\n<figure class=\"wp-block-image size-large\"><img loading=\"lazy\" decoding=\"async\" width=\"540\" height=\"204\" data-id=\"55651\" src=\"https:\/\/www.parkinson.ca\/wp-content\/uploads\/2025\/11\/image-2.png\" alt=\"\" class=\"wp-image-55651\" srcset=\"https:\/\/www.parkinson.ca\/wp-content\/uploads\/2025\/11\/image-2.png 540w, https:\/\/www.parkinson.ca\/wp-content\/uploads\/2025\/11\/image-2-300x113.png 300w, https:\/\/www.parkinson.ca\/wp-content\/uploads\/2025\/11\/image-2-426x161.png 426w, https:\/\/www.parkinson.ca\/wp-content\/uploads\/2025\/11\/image-2-50x19.png 50w, https:\/\/www.parkinson.ca\/wp-content\/uploads\/2025\/11\/image-2-100x38.png 100w\" sizes=\"auto, (max-width: 540px) 100vw, 540px\" \/><\/figure>\n\n\n\n<figure class=\"wp-block-image size-large\"><img loading=\"lazy\" decoding=\"async\" width=\"540\" height=\"204\" data-id=\"55653\" src=\"https:\/\/www.parkinson.ca\/wp-content\/uploads\/2025\/11\/image-3.png\" alt=\"\" class=\"wp-image-55653\" srcset=\"https:\/\/www.parkinson.ca\/wp-content\/uploads\/2025\/11\/image-3.png 540w, https:\/\/www.parkinson.ca\/wp-content\/uploads\/2025\/11\/image-3-300x113.png 300w, https:\/\/www.parkinson.ca\/wp-content\/uploads\/2025\/11\/image-3-426x161.png 426w, https:\/\/www.parkinson.ca\/wp-content\/uploads\/2025\/11\/image-3-50x19.png 50w, https:\/\/www.parkinson.ca\/wp-content\/uploads\/2025\/11\/image-3-100x38.png 100w\" sizes=\"auto, (max-width: 540px) 100vw, 540px\" \/><\/figure>\n\n\n\n<figure class=\"wp-block-image size-large\"><img loading=\"lazy\" decoding=\"async\" width=\"540\" height=\"204\" data-id=\"55655\" src=\"https:\/\/www.parkinson.ca\/wp-content\/uploads\/2025\/11\/image-4.png\" alt=\"\" class=\"wp-image-55655\" srcset=\"https:\/\/www.parkinson.ca\/wp-content\/uploads\/2025\/11\/image-4.png 540w, https:\/\/www.parkinson.ca\/wp-content\/uploads\/2025\/11\/image-4-300x113.png 300w, https:\/\/www.parkinson.ca\/wp-content\/uploads\/2025\/11\/image-4-426x161.png 426w, https:\/\/www.parkinson.ca\/wp-content\/uploads\/2025\/11\/image-4-50x19.png 50w, https:\/\/www.parkinson.ca\/wp-content\/uploads\/2025\/11\/image-4-100x38.png 100w\" sizes=\"auto, (max-width: 540px) 100vw, 540px\" \/><\/figure>\n\n\n\n<figure class=\"wp-block-image size-large\"><img loading=\"lazy\" decoding=\"async\" width=\"540\" height=\"204\" data-id=\"55657\" src=\"https:\/\/www.parkinson.ca\/wp-content\/uploads\/2025\/11\/image-5.png\" alt=\"\" class=\"wp-image-55657\" srcset=\"https:\/\/www.parkinson.ca\/wp-content\/uploads\/2025\/11\/image-5.png 540w, https:\/\/www.parkinson.ca\/wp-content\/uploads\/2025\/11\/image-5-300x113.png 300w, https:\/\/www.parkinson.ca\/wp-content\/uploads\/2025\/11\/image-5-426x161.png 426w, https:\/\/www.parkinson.ca\/wp-content\/uploads\/2025\/11\/image-5-50x19.png 50w, https:\/\/www.parkinson.ca\/wp-content\/uploads\/2025\/11\/image-5-100x38.png 100w\" sizes=\"auto, (max-width: 540px) 100vw, 540px\" \/><\/figure>\n<\/figure>\n\n\n\n<div style=\"height:100px\" aria-hidden=\"true\" class=\"wp-block-spacer is-style-responsive-xsmall\"><\/div>\n\n\n\n<h3 class=\"wp-block-heading\"><strong>C\u00e9l\u00e9brer les hommes atteints de la maladie de Parkinson \u00e0 travers l&rsquo;illustration<\/strong> <\/h3>\n\n\n\n<p>Barbara Salsberg Mathews, une illustratrice bas\u00e9e \u00e0 Guelph, Ontario, a re\u00e7u un diagnostic de la maladie de Parkinson en 2020. Elle a depuis r\u00e9imagin\u00e9 la description traditionnelle de la maladie de Parkinson \u00e0 travers six nouvelles illustrations, chacune repr\u00e9sentant des hommes d&rsquo;origines diverses. Plus t\u00f4t cette ann\u00e9e, Mathews a \u00e9galement r\u00e9imagin\u00e9 <a href=\"https:\/\/www.parkinson.ca\/fr\/re-illustration-dun-stereotype-les-femmes-aussi-peuvent-etre-atteintes-de-la-maladie-de-parkinson\/\" target=\"_blank\" rel=\"noreferrer noopener\">la d\u00e9finition m\u00e9dicale de la maladie de Parkinson pour les femmes<\/a>.   <\/p>\n\n\n\n<p>Mathews a illustr\u00e9 les hommes portant les m\u00eames v\u00eatements pour aider \u00e0 se concentrer sur les changements physiques qui surviennent g\u00e9n\u00e9ralement lorsque la maladie de Parkinson progresse, comme elle l&rsquo;avait fait avec les femmes. Les hommes repr\u00e9sent\u00e9s sont \u00e9galement plus jeunes que dans l&rsquo;image m\u00e9dicale classique, car il y a une tendance croissante de personnes diagnostiqu\u00e9es avant l&rsquo;\u00e2ge de 50 ans.  <\/p>\n\n\n\n<p>\u00ab Ces images refl\u00e8tent mon intention de remettre en question les st\u00e9r\u00e9otypes et d&rsquo;ouvrir les yeux des gens sur la r\u00e9alit\u00e9 compl\u00e8te de la maladie de Parkinson chez les hommes de tous horizons. \u00bb<\/p>\n\n\n\n<div style=\"height:30px\" aria-hidden=\"true\" class=\"wp-block-spacer is-style-responsive-xsmall\"><\/div>\n\n\n\n<figure class=\"wp-block-image aligncenter size-full\"><img loading=\"lazy\" decoding=\"async\" width=\"540\" height=\"360\" src=\"https:\/\/www.parkinson.ca\/wp-content\/uploads\/2025\/11\/image-6.png\" alt=\"\" class=\"wp-image-55659\" srcset=\"https:\/\/www.parkinson.ca\/wp-content\/uploads\/2025\/11\/image-6.png 540w, https:\/\/www.parkinson.ca\/wp-content\/uploads\/2025\/11\/image-6-300x200.png 300w, https:\/\/www.parkinson.ca\/wp-content\/uploads\/2025\/11\/image-6-426x284.png 426w, https:\/\/www.parkinson.ca\/wp-content\/uploads\/2025\/11\/image-6-50x33.png 50w, https:\/\/www.parkinson.ca\/wp-content\/uploads\/2025\/11\/image-6-100x67.png 100w\" sizes=\"auto, (max-width: 540px) 100vw, 540px\" \/><\/figure>\n\n\n\n<div style=\"height:100px\" aria-hidden=\"true\" class=\"wp-block-spacer is-style-responsive-xsmall\"><\/div>\n\n\n\n<p>Les images sont libres de t\u00e9l\u00e9chargement et d&rsquo;utilisation, avec mention de l&rsquo;artiste.<\/p>\n\n\n\n<div class=\"wp-block-columns is-layout-flex wp-container-core-columns-is-layout-9d6595d7 wp-block-columns-is-layout-flex\">\n<div class=\"wp-block-column has-grey-background-color has-background is-layout-flow wp-block-column-is-layout-flow\">\n<p>Barbara Salsberg Mathews est l&rsquo;artiste originale des images.<\/p>\n<\/div>\n\n\n\n<div class=\"wp-block-column is-layout-flow wp-block-column-is-layout-flow\"><\/div>\n\n\n\n<div class=\"wp-block-column is-layout-flow wp-block-column-is-layout-flow\"><\/div>\n<\/div>\n","protected":false},"excerpt":{"rendered":"<p>Pr\u00e8s de la moiti\u00e9 des personnes atteintes de la maladie de Parkinson au Canada sont des femmes, mais la maladie est souvent consid\u00e9r\u00e9e comme une affection r\u00e9serv\u00e9e aux hommes blancs et \u00e2g\u00e9s. L&rsquo;une des raisons en est l&rsquo;illustration de la maladie de Parkinson dans les manuels scolaires, qui repr\u00e9sente un homme blanc et \u00e2g\u00e9. <\/p>\n<p>L&rsquo;illustratrice Barbara Salsberg Mathews, diagnostiqu\u00e9e en 2020, a r\u00e9imagin\u00e9 cette image avec six femmes diff\u00e9rentes. \u00ab\u00a0La maladie de Parkinson touche les femmes de toutes les races\u00a0\u00bb, explique-t-elle. Elle esp\u00e8re que les professionnels de la sant\u00e9 utiliseront ces images pour lutter contre les st\u00e9r\u00e9otypes.  <\/p>\n<p>Les illustrations peuvent \u00eatre t\u00e9l\u00e9charg\u00e9es gratuitement en mentionnant le nom de l&rsquo;artiste<\/p>\n","protected":false},"author":90,"featured_media":55662,"comment_status":"open","ping_status":"open","sticky":false,"template":"","format":"standard","meta":{"_acf_changed":false,"footnotes":""},"categories":[237,249,248,349],"tags":[],"audience":[343],"class_list":["post-55666","post","type-post","status-publish","format-standard","has-post-thumbnail","hentry","category-blogue-fr","category-la-communaute-parkinson","category-mieux-vivre-avec-la-maladie-de-parkinson","category-temoignages","audience-living-with-parkinsons"],"acf":[],"aioseo_notices":[],"_links":{"self":[{"href":"https:\/\/www.parkinson.ca\/fr\/wp-json\/wp\/v2\/posts\/55666","targetHints":{"allow":["GET"]}}],"collection":[{"href":"https:\/\/www.parkinson.ca\/fr\/wp-json\/wp\/v2\/posts"}],"about":[{"href":"https:\/\/www.parkinson.ca\/fr\/wp-json\/wp\/v2\/types\/post"}],"author":[{"embeddable":true,"href":"https:\/\/www.parkinson.ca\/fr\/wp-json\/wp\/v2\/users\/90"}],"replies":[{"embeddable":true,"href":"https:\/\/www.parkinson.ca\/fr\/wp-json\/wp\/v2\/comments?post=55666"}],"version-history":[{"count":2,"href":"https:\/\/www.parkinson.ca\/fr\/wp-json\/wp\/v2\/posts\/55666\/revisions"}],"predecessor-version":[{"id":55669,"href":"https:\/\/www.parkinson.ca\/fr\/wp-json\/wp\/v2\/posts\/55666\/revisions\/55669"}],"wp:featuredmedia":[{"embeddable":true,"href":"https:\/\/www.parkinson.ca\/fr\/wp-json\/wp\/v2\/media\/55662"}],"wp:attachment":[{"href":"https:\/\/www.parkinson.ca\/fr\/wp-json\/wp\/v2\/media?parent=55666"}],"wp:term":[{"taxonomy":"category","embeddable":true,"href":"https:\/\/www.parkinson.ca\/fr\/wp-json\/wp\/v2\/categories?post=55666"},{"taxonomy":"post_tag","embeddable":true,"href":"https:\/\/www.parkinson.ca\/fr\/wp-json\/wp\/v2\/tags?post=55666"},{"taxonomy":"audience","embeddable":true,"href":"https:\/\/www.parkinson.ca\/fr\/wp-json\/wp\/v2\/audience?post=55666"}],"curies":[{"name":"wp","href":"https:\/\/api.w.org\/{rel}","templated":true}]}}