{"id":55455,"date":"2025-10-30T17:10:40","date_gmt":"2025-10-30T17:10:40","guid":{"rendered":"https:\/\/www.parkinson.ca\/un-trouble-du-sommeil-pourrait-il-reveler-des-indices-sur-votre-risque-de-parkinson\/"},"modified":"2025-10-30T17:22:53","modified_gmt":"2025-10-30T17:22:53","slug":"un-trouble-du-sommeil-pourrait-il-reveler-des-indices-sur-votre-risque-de-parkinson","status":"publish","type":"post","link":"https:\/\/www.parkinson.ca\/fr\/un-trouble-du-sommeil-pourrait-il-reveler-des-indices-sur-votre-risque-de-parkinson\/","title":{"rendered":"Un trouble du sommeil pourrait-il r\u00e9v\u00e9ler des indices sur votre risque de Parkinson ?"},"content":{"rendered":"\n<p>Si vous avez d\u00e9j\u00e0 donn\u00e9 des coups de pied, des coups de poing ou cri\u00e9 dans votre sommeil, vous avez peut-\u00eatre attribu\u00e9 cela \u00e0 un mauvais r\u00eave. Mais pour certaines personnes, ces mouvements pourraient \u00eatre un signe d&rsquo;alerte pr\u00e9coce de la maladie de Parkinson.  <\/p>\n\n<p>Une nouvelle \u00e9tude dirig\u00e9e par le Dr Shady Rahayel, financ\u00e9e par Parkinson Canada, nous aide \u00e0 comprendre comment un trouble du sommeil sp\u00e9cifique pourrait pr\u00e9dire qui d\u00e9veloppera la maladie de Parkinson des ann\u00e9es avant l&rsquo;apparition des sympt\u00f4mes. <\/p>\n\n<div style=\"height:100px\" aria-hidden=\"true\" class=\"wp-block-spacer is-style-responsive-xsmall\"><\/div>\n\n<h3 class=\"wp-block-heading\"><strong>Quand les r\u00eaves deviennent r\u00e9alit\u00e9<\/strong> <\/h3>\n\n<p>Cette condition s&rsquo;appelle le trouble comportemental du sommeil paradoxal idiopathique, ou iRBD. Pendant le sommeil paradoxal normal, nos corps sont essentiellement paralys\u00e9s &#8211; un m\u00e9canisme de protection qui nous emp\u00eache de reproduire nos r\u00eaves. Les personnes atteintes d&rsquo;iRBD n&rsquo;ont pas cette protection. Elles reproduisent physiquement leurs r\u00eaves par des mouvements soudains, en parlant ou en criant.    <\/p>\n\n<p>Les chercheurs savent depuis des ann\u00e9es que l&rsquo;iRBD est souvent un signe d&rsquo;alerte pr\u00e9coce de la maladie de Parkinson ou de la d\u00e9mence \u00e0 corps de Lewy (DCL). Mais voici le probl\u00e8me : toutes les personnes atteintes d&rsquo;iRBD ne d\u00e9veloppent pas ces conditions. Et jusqu&rsquo;\u00e0 pr\u00e9sent, les m\u00e9decins ne pouvaient pas pr\u00e9dire qui le ferait.   <\/p>\n\n<div style=\"height:100px\" aria-hidden=\"true\" class=\"wp-block-spacer is-style-responsive-xsmall\"><\/div>\n\n<h3 class=\"wp-block-heading\"><strong>Deux voies, deux r\u00e9sultats<\/strong> <\/h3>\n\n<p>L&rsquo;\u00e9quipe du Dr Rahayel a suivi 362 personnes atteintes d&rsquo;iRBD pendant au moins cinq ans, utilisant des IRM et des \u00e9valuations neurologiques pour suivre les changements c\u00e9r\u00e9braux au fil du temps. Ils ont d\u00e9couvert quelque chose d&rsquo;important : la d\u00e9g\u00e9n\u00e9rescence c\u00e9r\u00e9brale dans l&rsquo;iRBD ne suit pas une seule voie. Elle suit deux sch\u00e9mas distincts.   <\/p>\n\n<p>Le premier groupe a montr\u00e9 une d\u00e9g\u00e9n\u00e9rescence \u00ab corticale d&rsquo;abord \u00bb &#8211; les r\u00e9gions c\u00e9r\u00e9brales externes se sont d\u00e9grad\u00e9es en premier. Ces personnes \u00e9taient plus susceptibles de d\u00e9velopper des probl\u00e8mes cognitifs et la DCL.  <\/p>\n\n<p>Le second groupe a montr\u00e9 une d\u00e9g\u00e9n\u00e9rescence \u00ab sous-corticale d&rsquo;abord \u00bb &#8211; les r\u00e9gions c\u00e9r\u00e9brales plus profondes ont \u00e9t\u00e9 affect\u00e9es en premier. Ces personnes \u00e9taient plus susceptibles de d\u00e9velopper les sympt\u00f4mes moteurs classiques de Parkinson comme les tremblements et la rigidit\u00e9.  <\/p>\n\n<div style=\"height:100px\" aria-hidden=\"true\" class=\"wp-block-spacer is-style-responsive-xsmall\"><\/div>\n\n<h3 class=\"wp-block-heading\"><strong>Pourquoi c&rsquo;est important<\/strong> <\/h3>\n\n<p>L&rsquo;iRBD appara\u00eet souvent des ann\u00e9es, parfois des d\u00e9cennies, avant le d\u00e9but des sympt\u00f4mes de Parkinson. Si les m\u00e9decins pouvaient identifier quel sous-type une personne a d\u00e8s le d\u00e9but, ils pourraient adapter le traitement au risque sp\u00e9cifique de cette personne.  <\/p>\n\n<p>Diagnostic plus pr\u00e9coce. Intervention plus pr\u00e9coce. Traitement quand cela pourrait \u00eatre le plus important.   <\/p>\n\n<p>Cette recherche ouvre la porte \u00e0 la m\u00e9decine de pr\u00e9cision &#8211; des soins personnalis\u00e9s bas\u00e9s sur ce qui se passe dans le cerveau de chaque personne, et non une approche universelle. <\/p>\n\n<div style=\"height:100px\" aria-hidden=\"true\" class=\"wp-block-spacer is-style-responsive-xsmall\"><\/div>\n\n<h3 class=\"wp-block-heading\"><strong>Perspectives d&rsquo;avenir<\/strong> <\/h3>\n\n<p>Toutes les personnes atteintes d&rsquo;iRBD ne d\u00e9velopperont pas la maladie de Parkinson. Mais pour celles qui le font, comprendre quelle voie leur cerveau emprunte pourrait faire toute la diff\u00e9rence. Alors que la recherche continue, ces d\u00e9couvertes pourraient mener \u00e0 des outils cliniques que les m\u00e9decins peuvent utiliser quand quelqu&rsquo;un montre pour la premi\u00e8re fois des signes d&rsquo;iRBD. Quelque chose qui donne des r\u00e9ponses plus t\u00f4t, quand l&rsquo;intervention pourrait \u00eatre la plus importante.    <\/p>\n\n<p>Parkinson Canada est fier d&rsquo;avoir financ\u00e9 cette recherche, publi\u00e9e dans eBioMedicine. Des \u00e9tudes comme celle-ci nous rapprochent de la d\u00e9tection de Parkinson avant qu&rsquo;elle ne commence.  <\/p>\n\n<div style=\"height:100px\" aria-hidden=\"true\" class=\"wp-block-spacer is-style-responsive-xsmall\"><\/div>\n\n<p><strong>R\u00e9f\u00e9rences<\/strong> <\/p>\n\n<p>Joza, S., Delva, A., Tremblay, C., Vo, A., Filiatrault, M., Tweedale, M., Gagnon, J. F., Postuma, R. B., Dagher, A., Klein, J., Hu, M., Dusek, P., Marecek, S., Varga, Z., Taylor, J. P., O&rsquo;Brien, J. T., Firbank, M., Thomas, A., Donaghy, P. C., &#8230; Rahayel, S. (2025). Distinct brain atrophy progression subtypes underlie phenoconversion in isolated REM sleep behaviour disorder. eBioMedicine, 117, 105753.    <\/p>\n","protected":false},"excerpt":{"rendered":"<p>Si vous avez d\u00e9j\u00e0 donn\u00e9 des coups de pied, des coups de poing ou cri\u00e9 dans votre sommeil, vous avez peut-\u00eatre attribu\u00e9 cela \u00e0 un mauvais r\u00eave. Mais pour certaines personnes, ces mouvements pourraient \u00eatre un signe d&rsquo;alerte pr\u00e9coce de la maladie de Parkinson. Une nouvelle \u00e9tude dirig\u00e9e par le Dr Shady Rahayel, financ\u00e9e par [&hellip;]<\/p>\n","protected":false},"author":90,"featured_media":55457,"comment_status":"open","ping_status":"open","sticky":false,"template":"","format":"standard","meta":{"_acf_changed":false,"footnotes":""},"categories":[237,246],"tags":[],"audience":[],"class_list":["post-55455","post","type-post","status-publish","format-standard","has-post-thumbnail","hentry","category-blogue-fr","category-recherche-blog"],"acf":[],"aioseo_notices":[],"_links":{"self":[{"href":"https:\/\/www.parkinson.ca\/fr\/wp-json\/wp\/v2\/posts\/55455","targetHints":{"allow":["GET"]}}],"collection":[{"href":"https:\/\/www.parkinson.ca\/fr\/wp-json\/wp\/v2\/posts"}],"about":[{"href":"https:\/\/www.parkinson.ca\/fr\/wp-json\/wp\/v2\/types\/post"}],"author":[{"embeddable":true,"href":"https:\/\/www.parkinson.ca\/fr\/wp-json\/wp\/v2\/users\/90"}],"replies":[{"embeddable":true,"href":"https:\/\/www.parkinson.ca\/fr\/wp-json\/wp\/v2\/comments?post=55455"}],"version-history":[{"count":1,"href":"https:\/\/www.parkinson.ca\/fr\/wp-json\/wp\/v2\/posts\/55455\/revisions"}],"predecessor-version":[{"id":55456,"href":"https:\/\/www.parkinson.ca\/fr\/wp-json\/wp\/v2\/posts\/55455\/revisions\/55456"}],"wp:featuredmedia":[{"embeddable":true,"href":"https:\/\/www.parkinson.ca\/fr\/wp-json\/wp\/v2\/media\/55457"}],"wp:attachment":[{"href":"https:\/\/www.parkinson.ca\/fr\/wp-json\/wp\/v2\/media?parent=55455"}],"wp:term":[{"taxonomy":"category","embeddable":true,"href":"https:\/\/www.parkinson.ca\/fr\/wp-json\/wp\/v2\/categories?post=55455"},{"taxonomy":"post_tag","embeddable":true,"href":"https:\/\/www.parkinson.ca\/fr\/wp-json\/wp\/v2\/tags?post=55455"},{"taxonomy":"audience","embeddable":true,"href":"https:\/\/www.parkinson.ca\/fr\/wp-json\/wp\/v2\/audience?post=55455"}],"curies":[{"name":"wp","href":"https:\/\/api.w.org\/{rel}","templated":true}]}}