{"id":5008,"date":"2017-03-29T06:00:35","date_gmt":"2017-03-29T06:00:35","guid":{"rendered":"http:\/\/parkinson-export.local\/200-ans-defforts-pour-elucider-la-maladie-de-parkinson\/"},"modified":"2020-09-15T14:36:51","modified_gmt":"2020-09-15T18:36:51","slug":"200-ans-defforts-pour-elucider-la-maladie-de-parkinson","status":"publish","type":"post","link":"https:\/\/www.parkinson.ca\/fr\/200-ans-defforts-pour-elucider-la-maladie-de-parkinson\/","title":{"rendered":"200 ans d&rsquo;efforts pour \u00e9lucider la maladie de Parkinson"},"content":{"rendered":"<p><strong>TORONTO (ONTARIO), le 29\u00a0mars\u00a02017 \u2013<\/strong>Il y a maintenant 200\u00a0ans que le physicien anglais James Parkinson a d\u00e9crit pour la premi\u00e8re fois la maladie du cerveau qui porte son nom, dans\u00a0<em>A<\/em><em>n Essay on the Shaking Palsy.<\/em>\u00a0Depuis 1817, des progr\u00e8s majeurs ont \u00e9t\u00e9 r\u00e9alis\u00e9s dans le cadre de la recherche sur la maladie de Parkinson, notamment l&rsquo;\u00e9laboration de divers m\u00e9dicaments et d&rsquo;autres traitements permettant d&rsquo;en att\u00e9nuer les sympt\u00f4mes. Pourtant, ne nous savons pas encore avec pr\u00e9cision ce qui cause la maladie de Parkinson et nous ne poss\u00e9dons aucun rem\u00e8de.<\/p>\n<p>Pour souligner le 200e\u00a0anniversaire de la Journ\u00e9e mondiale de la maladie de Parkinson le 11\u00a0avril prochain, Parkinson Canada se joindra \u00e0 la communaut\u00e9 Parkinson internationale en pr\u00e9vision de l&rsquo;\u00e9v\u00e9nement #UniteForParkinsons. Cette campagne internationale vise \u00e0 sensibiliser \u00e0 la maladie de Parkinson, \u00e0 d\u00e9montrer notre soutien aux personnes atteintes et \u00e0 inspirer de nouvelles initiatives de recherche et de traitement.<\/p>\n<p>\u00ab\u00a0Les familles et les amis des personnes atteintes de la maladie de Parkinson ne peuvent pas attendre un rem\u00e8de pendant 200\u00a0autres ann\u00e9es, affirme Joyce\u00a0Gordon, pr\u00e9sidente et chef de la direction de Parkinson\u00a0Canada. La recherche li\u00e9e \u00e0 cette maladie complexe et boulversante est en effervescence, nous devons conserver l&rsquo;impulsion qui nous m\u00e8nera \u00e0 la mise au point d&rsquo;un rem\u00e8de. J&rsquo;encourage tout un chacun \u00e0 utiliser le mot clic #UniteForParkinsons d\u00e8s le 11\u00a0avril pour montrer son soutien aux personnes atteintes de la maladie de Parkinson et aux personnes qui cherchent un rem\u00e8de.\u00a0\u00bb<\/p>\n<p>Actuellement, au Canada, 100\u00a0000\u00a0personnes atteintes luttent contre les stigmates et les difficult\u00e9s quotidiennes que leur impose la maladie de Parkinson. Puisque 25\u00a0personnes re\u00e7oivent un diagnostic de Parkinson chaque jour au Canada, il est possible qu&rsquo;une personne que vous connaissez ou aimez ou que vous-m\u00eame soyez touch\u00e9 par la maladie. Pendant toute l&rsquo;ann\u00e9e, les gens peuvent trouver de l&rsquo;information, du soutien et des ressources au\u00a0<a href=\"https:\/\/parkinson.ca\/\">www.parkinson.ca<\/a>\u00a0ou joindre le service d&rsquo;information et de r\u00e9f\u00e9rence de Parkinson\u00a0Canada au 1\u00ad800\u00ad565\u00ad3000.<\/p>\n<p>Avril est le mois de la sensibilisation \u00e0 la maladie de Parkinson. Parkinson\u00a0Canada sera l&rsquo;h\u00f4te d&rsquo;activit\u00e9s de financement et de sensibilisation sp\u00e9ciales. \u00e0 l&rsquo;intention des Canadiens atteints de la maladie de Parkinson et de la population g\u00e9n\u00e9rale de toutes les r\u00e9gions du Canada. Pour obtenir des d\u00e9tails sur les activit\u00e9s qui se d\u00e9roulent dans votre collectivit\u00e9, consultez la carte interactive au\u00a0<a href=\"https:\/\/parkinson.ca\/\">www.Parkinson.ca<\/a>.<\/p>\n<p><strong>Au sujet de Parkinson Canada<\/strong><br \/>\nParkinson Canada est la voix nationale des Canadiens atteints de la maladie de Parkinson. Du diagnostic \u00e0 la d\u00e9couverte, l&rsquo;organisme offre des services d&rsquo;\u00e9ducation, de d\u00e9fense des int\u00e9r\u00eats et de soutien aux personnes atteintes de la maladie de Parkinson, aux aidants et aux professionnels de la sant\u00e9. Le Programme national de recherche de Parkinson Canada finance des projets novateurs qui visent \u00e0 mettre au point de meilleurs traitements et \u00e0 trouver un rem\u00e8de. Parkinson\u00a0Canada est un organisme accr\u00e9dit\u00e9 par Imagine Canada. Visitez le\u00a0<a href=\"https:\/\/parkinson.ca\/\">www.parkinson.ca<\/a>.<\/p>\n<p><strong>&#8211; 30 &#8211;<\/strong><strong>Personne-ressource<\/strong><br \/>\nDanielle Blain<br \/>\nDirectrice g\u00e9n\u00e9rale, Qu\u00e9bec<br \/>\n514-357-4291 ou 1-800-656-3000, poste\u00a03397<br \/>\nDanielle.blain@parkinson.ca<\/p>\n","protected":false},"excerpt":{"rendered":"<p>TORONTO (ONTARIO), le 29\u00a0mars\u00a02017 \u2013Il y a maintenant 200\u00a0ans que le physicien anglais James Parkinson a d\u00e9crit pour la premi\u00e8re fois la maladie du cerveau qui porte son nom, dans\u00a0An Essay on the Shaking Palsy.\u00a0Depuis 1817, des progr\u00e8s majeurs ont \u00e9t\u00e9 r\u00e9alis\u00e9s dans le cadre de la recherche sur la maladie de Parkinson, notamment l&rsquo;\u00e9laboration [&hellip;]<\/p>\n","protected":false},"author":67,"featured_media":0,"comment_status":"closed","ping_status":"closed","sticky":false,"template":"","format":"standard","meta":{"_acf_changed":false,"footnotes":""},"categories":[64],"tags":[],"audience":[],"class_list":["post-5008","post","type-post","status-publish","format-standard","hentry","category-actualites"],"acf":[],"aioseo_notices":[],"_links":{"self":[{"href":"https:\/\/www.parkinson.ca\/fr\/wp-json\/wp\/v2\/posts\/5008","targetHints":{"allow":["GET"]}}],"collection":[{"href":"https:\/\/www.parkinson.ca\/fr\/wp-json\/wp\/v2\/posts"}],"about":[{"href":"https:\/\/www.parkinson.ca\/fr\/wp-json\/wp\/v2\/types\/post"}],"author":[{"embeddable":true,"href":"https:\/\/www.parkinson.ca\/fr\/wp-json\/wp\/v2\/users\/67"}],"replies":[{"embeddable":true,"href":"https:\/\/www.parkinson.ca\/fr\/wp-json\/wp\/v2\/comments?post=5008"}],"version-history":[{"count":0,"href":"https:\/\/www.parkinson.ca\/fr\/wp-json\/wp\/v2\/posts\/5008\/revisions"}],"wp:attachment":[{"href":"https:\/\/www.parkinson.ca\/fr\/wp-json\/wp\/v2\/media?parent=5008"}],"wp:term":[{"taxonomy":"category","embeddable":true,"href":"https:\/\/www.parkinson.ca\/fr\/wp-json\/wp\/v2\/categories?post=5008"},{"taxonomy":"post_tag","embeddable":true,"href":"https:\/\/www.parkinson.ca\/fr\/wp-json\/wp\/v2\/tags?post=5008"},{"taxonomy":"audience","embeddable":true,"href":"https:\/\/www.parkinson.ca\/fr\/wp-json\/wp\/v2\/audience?post=5008"}],"curies":[{"name":"wp","href":"https:\/\/api.w.org\/{rel}","templated":true}]}}