{"id":46900,"date":"2011-06-01T12:05:28","date_gmt":"2011-06-01T12:05:28","guid":{"rendered":"https:\/\/parkinson.ca\/la-societe-parkinson-sonne-la-cloche-pour-louverture-de-la-bourse-de-toronto\/"},"modified":"2025-01-21T16:27:05","modified_gmt":"2025-01-21T16:27:05","slug":"la-societe-parkinson-sonne-la-cloche-pour-louverture-de-la-bourse-de-toronto","status":"publish","type":"post","link":"https:\/\/www.parkinson.ca\/fr\/la-societe-parkinson-sonne-la-cloche-pour-louverture-de-la-bourse-de-toronto\/","title":{"rendered":"La Soci\u00e9t\u00e9 Parkinson sonne la cloche pour l&rsquo;ouverture de la Bourse de Toronto"},"content":{"rendered":"<p>La Soci\u00e9t\u00e9 Parkinson a ouvert la Bourse de Toronto le mercredi 13 avril, sous les applaudissements retentissants de la centaine d&rsquo;invit\u00e9s, de donateurs, de b\u00e9n\u00e9voles et de membres du conseil d&rsquo;administration de la Soci\u00e9t\u00e9 Parkinson du Centre et du Nord de l&rsquo;Ontario et de la Soci\u00e9t\u00e9 Parkinson Canada. Organis\u00e9 par la Soci\u00e9t\u00e9 Parkinson Central et Northern Ontario, l&rsquo;\u00e9v\u00e9nement a lanc\u00e9 le mois d&rsquo;avril de sensibilisation \u00e0 la maladie de Parkinson dans le secteur des entreprises. La journ\u00e9e a d\u00e9but\u00e9 par un petit-d\u00e9jeuner et une pr\u00e9sentation de Jim Vlahos, vice-pr\u00e9sident des ventes pour Franklin Templeton Investments, qui a d\u00e9crit les d\u00e9fis de l&rsquo;entra\u00eenement et de la course au marathon Athens Classic en octobre 2010, afin de collecter des fonds et de sensibiliser \u00e0 la maladie de Parkinson en m\u00e9moire de son beau-p\u00e8re qui en \u00e9tait atteint. Sa femme, Georgina, sa m\u00e8re, Eugenia Macheras, et son beau-fr\u00e8re, Terry Macheras, \u00e9taient \u00e9galement pr\u00e9sents. L&rsquo;\u00e9v\u00e9nement \u00e9tait parrain\u00e9 par TD Commercial Banking et McLean Budden Limited. <\/p>\n","protected":false},"excerpt":{"rendered":"<p>La Soci\u00e9t\u00e9 Parkinson a ouvert la Bourse de Toronto le mercredi 13 avril, sous les applaudissements retentissants de la centaine d&rsquo;invit\u00e9s, de donateurs, de b\u00e9n\u00e9voles et de membres du conseil d&rsquo;administration de la Soci\u00e9t\u00e9 Parkinson du Centre et du Nord de l&rsquo;Ontario et de la Soci\u00e9t\u00e9 Parkinson Canada. Organis\u00e9 par la Soci\u00e9t\u00e9 Parkinson Central et [&hellip;]<\/p>\n","protected":false},"author":37,"featured_media":0,"comment_status":"closed","ping_status":"closed","sticky":false,"template":"","format":"standard","meta":{"_acf_changed":false,"footnotes":""},"categories":[237],"tags":[],"audience":[],"class_list":["post-46900","post","type-post","status-publish","format-standard","hentry","category-blogue-fr"],"acf":[],"aioseo_notices":[],"_links":{"self":[{"href":"https:\/\/www.parkinson.ca\/fr\/wp-json\/wp\/v2\/posts\/46900","targetHints":{"allow":["GET"]}}],"collection":[{"href":"https:\/\/www.parkinson.ca\/fr\/wp-json\/wp\/v2\/posts"}],"about":[{"href":"https:\/\/www.parkinson.ca\/fr\/wp-json\/wp\/v2\/types\/post"}],"author":[{"embeddable":true,"href":"https:\/\/www.parkinson.ca\/fr\/wp-json\/wp\/v2\/users\/37"}],"replies":[{"embeddable":true,"href":"https:\/\/www.parkinson.ca\/fr\/wp-json\/wp\/v2\/comments?post=46900"}],"version-history":[{"count":0,"href":"https:\/\/www.parkinson.ca\/fr\/wp-json\/wp\/v2\/posts\/46900\/revisions"}],"wp:attachment":[{"href":"https:\/\/www.parkinson.ca\/fr\/wp-json\/wp\/v2\/media?parent=46900"}],"wp:term":[{"taxonomy":"category","embeddable":true,"href":"https:\/\/www.parkinson.ca\/fr\/wp-json\/wp\/v2\/categories?post=46900"},{"taxonomy":"post_tag","embeddable":true,"href":"https:\/\/www.parkinson.ca\/fr\/wp-json\/wp\/v2\/tags?post=46900"},{"taxonomy":"audience","embeddable":true,"href":"https:\/\/www.parkinson.ca\/fr\/wp-json\/wp\/v2\/audience?post=46900"}],"curies":[{"name":"wp","href":"https:\/\/api.w.org\/{rel}","templated":true}]}}