{"id":46135,"date":"2012-04-01T12:11:40","date_gmt":"2012-04-01T12:11:40","guid":{"rendered":"https:\/\/parkinson.ca\/message-du-redacteur-en-chef\/"},"modified":"2025-01-17T22:35:01","modified_gmt":"2025-01-17T22:35:01","slug":"message-du-redacteur-en-chef","status":"publish","type":"post","link":"https:\/\/www.parkinson.ca\/fr\/message-du-redacteur-en-chef\/","title":{"rendered":"Message du r\u00e9dacteur en chef"},"content":{"rendered":"<p><strong>Soyez actif. Restez inform\u00e9<\/strong>. Those are the key messages in Parkinson Society Canada\u2019s new Awareness Month materials. For April, Parkinson\u2019s Awareness Month, we are focusing on the many benefits of physical activity for people with Parkinson\u2019s. In this issue of <em>e<\/em>-Parkinson Post, you will read how <a href=\"http:\/\/wp.me\/pl3ls-AF\" target=\"_blank\" rel=\"noopener\">one person with Parkinson\u2019s has successfully incorporated exercise into her daily life<\/a>. You will discover what elements help make a good physical activity program for Parkinson\u2019s. You can download a copy of the new <a href=\"https:\/\/parkinson.ca\/site\/c.kgLNIWODKpF\/b.8005673\/k.841\/Physical_Activity_and_Parkinson8217s_Disease.htm\" target=\"_blank\" rel=\"noopener\">tip sheet on Physical Activity and Parkinson\u2019s Disease<\/a>Parkinson Society Canada has launched with the Canadian Physiotherapy Association. You will also find information on <a href=\"https:\/\/parkinson.ca\/NonMotorGuide\" target=\"_blank\" rel=\"noopener\">A Guide to the Non-Motor Symptoms of Parkinson\u2019s Disease<\/a>, a new booklet to help people with Parkinson\u2019s recognize non-motor symptoms and learn about strategies to manage them. We share some of the articles we have recently submitted to other publications:  <\/p>\n<ul>\n<li><a href=\"http:\/\/wp.me\/pl3ls-AO\" target=\"_blank\" rel=\"noopener\">L&rsquo;exercice peut-il contribuer \u00e0 am\u00e9liorer la cognition, le langage, la voix ou la d\u00e9glutition chez les personnes atteintes de la maladie de Parkinson ?<\/a>  (Association canadienne des orthophonistes et audiologistes)<\/li>\n<li><a title=\"Recherche sur la maladie de Parkinson : Atteindre la qualit\u00e9 de vie\" href=\"http:\/\/parkinsonpost.files.wordpress.com\/2012\/03\/parkinsonsresearchachieving.pdf\" target=\"_blank\" rel=\"noopener\">Recherche sur la maladie de Parkinson : Atteindre la qualit\u00e9 de vie<\/a> (suppl\u00e9ment du National Post)<\/li>\n<\/ul>\n<p>Nous vous tenons \u00e9galement au courant des activit\u00e9s de sensibilisation, non seulement pour le Mois de la sensibilisation \u00e0 la maladie de Parkinson, mais aussi pour le Mois national de sensibilisation au cerveau, en mars. Nous vous invitons \u00e0 <a href=\"https:\/\/parkinson.ca\/webinar\" target=\"_blank\" rel=\"noopener\">participer \u00e0 notre webinaire<\/a> sur les troubles cognitifs dans la maladie de Parkinson, avec l&rsquo;un de nos chercheurs, le Dr Oury Monchi. Nous vous invitons \u00e9galement \u00e0 consulter la derni\u00e8re version de nos <a href=\"https:\/\/parkinson.ca\/site\/c.kgLNIWODKpF\/b.3536153\/k.9974\/Funded_Research.htm\" target=\"_blank\" rel=\"noopener\">Points forts de la recherche (2011-2013)<\/a>. Tout au long du mois d&rsquo;avril, de nombreux \u00e9v\u00e9nements \u00e9ducatifs et r\u00e9cr\u00e9atifs passionnants se d\u00e9rouleront dans les communaut\u00e9s \u00e0 travers le Canada, dont certains sont pr\u00e9vus le<sup>11<\/sup> avril, Journ\u00e9e mondiale de la maladie de Parkinson. Consultez le calendrier des \u00e9v\u00e9nements \u00e0 l&rsquo;<a href=\"https:\/\/parkinson.ca\/\">adresse www.parkinson.ca<\/a> pour savoir ce qui se passe dans votre r\u00e9gion. Vous pouvez \u00e9galement contacter la soci\u00e9t\u00e9 Parkinson de votre r\u00e9gion pour obtenir des ressources sur l&rsquo;activit\u00e9 physique et l&rsquo;exercice. Visitez le site <a href=\"http:\/\/www.parkinsonsuperwalk.ca\/\">parkinsonsuperwalk.ca<\/a> pour trouver le lieu de la marche le plus pr\u00e8s de chez vous et inscrivez-vous d\u00e8s aujourd&rsquo;hui. Nous voulons savoir ce que vous pensez du bulletin et des articles. Veuillez laisser une note dans la section Commentaires. Vos commentaires permettront d&rsquo;am\u00e9liorer cette publication. N&rsquo;oubliez pas de transmettre le lien \u00e0 quelqu&rsquo;un que vous connaissez afin qu&rsquo;il puisse l&rsquo;appr\u00e9cier \u00e9galement. Marjie Zacks<br \/>\nR\u00e9dactrice en chef<\/p>\n","protected":false},"excerpt":{"rendered":"<p>Soyez actif. Restez inform\u00e9. Those are the key messages in Parkinson Society Canada\u2019s new Awareness Month materials. For April, Parkinson\u2019s Awareness Month, we are focusing on the many benefits of physical activity for people with Parkinson\u2019s. In this issue of e-Parkinson Post, you will read how one person with Parkinson\u2019s has successfully incorporated exercise into [&hellip;]<\/p>\n","protected":false},"author":37,"featured_media":0,"comment_status":"closed","ping_status":"closed","sticky":false,"template":"","format":"standard","meta":{"_acf_changed":false,"footnotes":""},"categories":[237],"tags":[],"audience":[],"class_list":["post-46135","post","type-post","status-publish","format-standard","hentry","category-blogue-fr"],"acf":[],"aioseo_notices":[],"_links":{"self":[{"href":"https:\/\/www.parkinson.ca\/fr\/wp-json\/wp\/v2\/posts\/46135","targetHints":{"allow":["GET"]}}],"collection":[{"href":"https:\/\/www.parkinson.ca\/fr\/wp-json\/wp\/v2\/posts"}],"about":[{"href":"https:\/\/www.parkinson.ca\/fr\/wp-json\/wp\/v2\/types\/post"}],"author":[{"embeddable":true,"href":"https:\/\/www.parkinson.ca\/fr\/wp-json\/wp\/v2\/users\/37"}],"replies":[{"embeddable":true,"href":"https:\/\/www.parkinson.ca\/fr\/wp-json\/wp\/v2\/comments?post=46135"}],"version-history":[{"count":0,"href":"https:\/\/www.parkinson.ca\/fr\/wp-json\/wp\/v2\/posts\/46135\/revisions"}],"wp:attachment":[{"href":"https:\/\/www.parkinson.ca\/fr\/wp-json\/wp\/v2\/media?parent=46135"}],"wp:term":[{"taxonomy":"category","embeddable":true,"href":"https:\/\/www.parkinson.ca\/fr\/wp-json\/wp\/v2\/categories?post=46135"},{"taxonomy":"post_tag","embeddable":true,"href":"https:\/\/www.parkinson.ca\/fr\/wp-json\/wp\/v2\/tags?post=46135"},{"taxonomy":"audience","embeddable":true,"href":"https:\/\/www.parkinson.ca\/fr\/wp-json\/wp\/v2\/audience?post=46135"}],"curies":[{"name":"wp","href":"https:\/\/api.w.org\/{rel}","templated":true}]}}