{"id":42287,"date":"2024-04-12T14:37:52","date_gmt":"2024-04-12T14:37:52","guid":{"rendered":"http:\/\/parkinson-export.local\/2024-parkinson-canada-fond-care-demande-de-candidature\/"},"modified":"2024-05-17T14:21:54","modified_gmt":"2024-05-17T18:21:54","slug":"2024-parkinson-canada-fond-care-demande-de-candidature","status":"publish","type":"post","link":"https:\/\/www.parkinson.ca\/fr\/2024-parkinson-canada-fond-care-demande-de-candidature\/","title":{"rendered":"2024 Parkinson Canada fond CARE &#8211; Demande de candidature"},"content":{"rendered":"<h3>Introduction<\/h3>\n<p>Parkinson Canada invite les organismes qualifi\u00e9s et exp\u00e9riment\u00e9s \u00e0 pr\u00e9senter des demandes pour l&rsquo;\u00e9laboration et la mise en \u0153uvre d&rsquo;initiatives locales en mati\u00e8re de sant\u00e9, de bien-\u00eatre et d&rsquo;\u00e9ducation qui r\u00e9pondent directement aux besoins non satisfaits des personnes atteintes de la maladie de Parkinson et\/ou de leurs partenaires de soins. Cette initiative vise \u00e0 am\u00e9liorer la qualit\u00e9 de vie des personnes touch\u00e9es par la maladie de Parkinson au sein de communaut\u00e9s diverses et mal desservies \u00e0 travers le Canada en leur donnant acc\u00e8s \u00e0 des ressources compl\u00e8tes en mati\u00e8re de soutien, d&rsquo;\u00e9ducation et de bien-\u00eatre.<\/p>\n<h3>Contexte<\/h3>\n<p>La maladie de Parkinson est une affection neurod\u00e9g\u00e9n\u00e9rative qui affecte non seulement les personnes qui en sont atteintes, mais aussi de mani\u00e8re significative la vie des personnes qui s&rsquo;en occupent. Conscients des d\u00e9fis \u00e0 multiples facettes auxquels est confront\u00e9e cette communaut\u00e9, nous sommes \u00e0 la recherche de programmes novateurs et efficaces ax\u00e9s sur le bien-\u00eatre, l&rsquo;\u00e9ducation et la sant\u00e9 mentale afin de renforcer l&rsquo;autonomie des personnes atteintes et de leurs partenaires de soins. Parkinson Canada vise \u00e0 soutenir des programmes \u00e9volutifs, durables et mesurables qui r\u00e9pondent \u00e0 des besoins non satisfaits dans la collectivit\u00e9 locale. Le financement sera d\u00e9termin\u00e9 par un comit\u00e9 d&rsquo;examen par les pairs, et les candidats devront fournir des d\u00e9tails sur la fa\u00e7on dont les programmes propos\u00e9s tiennent compte de leur engagement \u00e0 fournir un acc\u00e8s durable aux programmes aux communaut\u00e9s disposant de peu de ressources \u00e0 travers le Canada.<\/p>\n<h3>Objectifs du programme<\/h3>\n<p>Les programmes recevant un financement du fond CARE de Parkinson Canada doivent s&rsquo;aligner sur notre engagement \u00e0 servir des communaut\u00e9s diverses et mal desservies ayant un acc\u00e8s limit\u00e9 aux programmes sp\u00e9cifiques \u00e0 la maladie de Parkinson dans l&rsquo;ensemble du pays. Pour \u00eatre admissibles au financement, les programmes doivent int\u00e9grer au moins l&rsquo;un des domaines d&rsquo;int\u00e9r\u00eat suivants<\/p>\n<ol>\n<li><strong>Programme d&rsquo;exercices<\/strong>. Les programmes doivent proposer une formation et des activit\u00e9s con\u00e7ues par des professionnels ayant de l&rsquo;exp\u00e9rience dans divers domaines d&rsquo;exercice li\u00e9s \u00e0 la maladie de Parkinson (par exemple, la danse, le tai-chi, le conditionnement physique adapt\u00e9, etc.)<\/li>\n<li><strong>Initiatives d&rsquo;\u00e9ducation et de d\u00e9veloppement des comp\u00e9tences.<\/strong> Les programmes doivent permettre aux individus et \u00e0 leurs aidants d&rsquo;acqu\u00e9rir des connaissances et des outils pratiques pour am\u00e9liorer leur bien-\u00eatre.<\/li>\n<li><strong>Sant\u00e9 mentale et maladie de Parkinson.<\/strong> Les programmes doivent fournir des informations et des activit\u00e9s de soutien et de socialisation qui contribuent \u00e0 am\u00e9liorer le bien-\u00eatre \u00e9motionnel, psychologique et social des personnes touch\u00e9es par la maladie de Parkinson.<\/li>\n<\/ol>\n<h3>Dates cl\u00e9s :<\/h3>\n<p>Les dates cl\u00e9s de ce programme sont les suivantes :<\/p>\n<ul>\n<li>Publication de l&rsquo;appel d&rsquo;offres 15 avril 2024<\/li>\n<li>Ouverture de la candidature en ligne 15 avril 2024<\/li>\n<li>Date limite de d\u00e9p\u00f4t des candidatures 1er juin 2024<\/li>\n<li>P\u00e9riode d&rsquo;examen juin et juillet 2024<\/li>\n<li>Notification d&rsquo;attribution fin ao\u00fbt 2024<\/li>\n<li>P\u00e9riode de subvention du 1er septembre 2024 au 31 ao\u00fbt 2025<\/li>\n<\/ul>\n<h3>Niveau de soutien :<\/h3>\n<p>Parkinson Canada a pr\u00e9vu un budget de 100 000 $ pour le fond CARE et financera des initiatives allant d&rsquo;un minimum de 5 000 $ \u00e0 un maximum de 25 000 $ pour une ann\u00e9e. Une justification d\u00e9taill\u00e9e du budget doit \u00eatre jointe \u00e0 la demande, et les demandes de subvention inf\u00e9rieures au minimum pourront \u00eatre examin\u00e9es au cas par cas.<\/p>\n<p>Veuillez trouver l&rsquo;int\u00e9gralit\u00e9 de l&rsquo;appel \u00e0 candidatures du Fonds CARE 2024 Parkinson Canada ici: <a href=\"https:\/\/parkinson.ca\/wp-content\/uploads\/CARE-Fund-RFA-FR.pdf\" target=\"_blank\" rel=\"noopener\">2024 Parkinson Canada Fond CARE<\/a><\/p>\n<p>Pour poser votre candidature, suivez ce lien : <a href=\"https:\/\/parkinsoncan.smapply.io\/res\/p\/carefund\/\">https:\/\/parkinsoncan.smapply.io\/res\/p\/carefund\/<\/a><\/p>\n","protected":false},"excerpt":{"rendered":"<p>Introduction Parkinson Canada invite les organismes qualifi\u00e9s et exp\u00e9riment\u00e9s \u00e0 pr\u00e9senter des demandes pour l&rsquo;\u00e9laboration et la mise en \u0153uvre d&rsquo;initiatives locales en mati\u00e8re de sant\u00e9, de bien-\u00eatre et d&rsquo;\u00e9ducation qui r\u00e9pondent directement aux besoins non satisfaits des personnes atteintes de la maladie de Parkinson et\/ou de leurs partenaires de soins. Cette initiative vise \u00e0 [&hellip;]<\/p>\n","protected":false},"author":90,"featured_media":42280,"comment_status":"closed","ping_status":"closed","sticky":false,"template":"","format":"standard","meta":{"_acf_changed":false,"footnotes":""},"categories":[],"tags":[],"audience":[],"class_list":["post-42287","post","type-post","status-publish","format-standard","has-post-thumbnail","hentry"],"acf":[],"aioseo_notices":[],"_links":{"self":[{"href":"https:\/\/www.parkinson.ca\/fr\/wp-json\/wp\/v2\/posts\/42287","targetHints":{"allow":["GET"]}}],"collection":[{"href":"https:\/\/www.parkinson.ca\/fr\/wp-json\/wp\/v2\/posts"}],"about":[{"href":"https:\/\/www.parkinson.ca\/fr\/wp-json\/wp\/v2\/types\/post"}],"author":[{"embeddable":true,"href":"https:\/\/www.parkinson.ca\/fr\/wp-json\/wp\/v2\/users\/90"}],"replies":[{"embeddable":true,"href":"https:\/\/www.parkinson.ca\/fr\/wp-json\/wp\/v2\/comments?post=42287"}],"version-history":[{"count":0,"href":"https:\/\/www.parkinson.ca\/fr\/wp-json\/wp\/v2\/posts\/42287\/revisions"}],"wp:featuredmedia":[{"embeddable":true,"href":"https:\/\/www.parkinson.ca\/fr\/wp-json\/wp\/v2\/media\/42280"}],"wp:attachment":[{"href":"https:\/\/www.parkinson.ca\/fr\/wp-json\/wp\/v2\/media?parent=42287"}],"wp:term":[{"taxonomy":"category","embeddable":true,"href":"https:\/\/www.parkinson.ca\/fr\/wp-json\/wp\/v2\/categories?post=42287"},{"taxonomy":"post_tag","embeddable":true,"href":"https:\/\/www.parkinson.ca\/fr\/wp-json\/wp\/v2\/tags?post=42287"},{"taxonomy":"audience","embeddable":true,"href":"https:\/\/www.parkinson.ca\/fr\/wp-json\/wp\/v2\/audience?post=42287"}],"curies":[{"name":"wp","href":"https:\/\/api.w.org\/{rel}","templated":true}]}}