{"id":41096,"date":"2023-09-05T10:07:26","date_gmt":"2023-09-05T10:07:26","guid":{"rendered":"http:\/\/parkinson-export.local\/la-grande-randonnee-de-sonya-fiorini-se-mobiliser-pour-la-sensibilisation-a-la-maladie-de-parkinson\/"},"modified":"2023-09-05T13:30:09","modified_gmt":"2023-09-05T17:30:09","slug":"la-grande-randonnee-de-sonya-fiorini-se-mobiliser-pour-la-sensibilisation-a-la-maladie-de-parkinson","status":"publish","type":"post","link":"https:\/\/www.parkinson.ca\/fr\/la-grande-randonnee-de-sonya-fiorini-se-mobiliser-pour-la-sensibilisation-a-la-maladie-de-parkinson\/","title":{"rendered":"La Grande Randonn\u00e9e de Sonya Fiorini : Se mobiliser pour la sensibilisation \u00e0 la maladie de Parkinson"},"content":{"rendered":"<p><span data-contrast=\"auto\">Sonya Fiorini, directrice du d\u00e9veloppement durable et de l&rsquo;investissement communautaire chez Fermes Burnbrae et directrice ex\u00e9cutive de la Fondation Fermes Burnbrae, poss\u00e8de une histoire qui en dit long. Son lien avec la maladie de Parkinson n&rsquo;est pas seulement personnel ; il t\u00e9moigne de son d\u00e9vouement \u00e0 la sensibilisation et au soutien de la communaut\u00e9 de la maladie de Parkinson.\u00a0<\/span><span data-ccp-props=\"{&quot;201341983&quot;:0,&quot;335559739&quot;:160,&quot;335559740&quot;:259}\">\u00a0<\/span><\/p>\n<p><span data-contrast=\"auto\">Son inspiration vient de sa grand-m\u00e8re d\u00e9c\u00e9d\u00e9e, qui a lutt\u00e9 contre la maladie de Parkinson pendant deux d\u00e9cennies. Son parcours a \u00e9t\u00e9 marqu\u00e9 par la r\u00e9silience et la d\u00e9termination. Sonya se souvient avec \u00e9motion de son mode de vie actif : \u00ab\u202fC&rsquo;\u00e9tait une force vive. Elle ne disait \u00e0 personne qu&rsquo;elle \u00e9tait atteinte de la maladie et restait toujours active.\u00a0 Ce n&rsquo;est que vers la fin de sa vie que les signes de la maladie de Parkinson sont devenus \u00e9vidents, avec des troubles de la d\u00e9glutition et de l&rsquo;\u00e9locution\u202f\u00bb.<\/span><span data-ccp-props=\"{&quot;201341983&quot;:0,&quot;335559739&quot;:160,&quot;335559740&quot;:259}\">\u00a0<\/span><\/p>\n<p><span data-contrast=\"auto\">Malgr\u00e9 les difficult\u00e9s li\u00e9es \u00e0 la maladie de Parkinson, l&rsquo;amour de la vie de sa grand-m\u00e8re et le lien qu&rsquo;elles partageaient ont marqu\u00e9 Sonya. Le r\u00f4le de Sonya \u00e0 Fermes Burnbrae a permis de renforcer un partenariat important avec Parkinson Canada.<\/span><span data-ccp-props=\"{&quot;201341983&quot;:0,&quot;335559739&quot;:160,&quot;335559740&quot;:259}\">\u00a0<\/span><\/p>\n<p><img loading=\"lazy\" decoding=\"async\" class=\"size-medium wp-image-41077 alignleft\" src=\"https:\/\/parkinson.ca\/wp-content\/uploads\/\/IMG_3966-300x225.jpeg\" alt=\"\" width=\"300\" height=\"225\" srcset=\"https:\/\/www.parkinson.ca\/wp-content\/uploads\/IMG_3966-300x225.jpeg 300w, https:\/\/www.parkinson.ca\/wp-content\/uploads\/IMG_3966-700x525.jpeg 700w, https:\/\/www.parkinson.ca\/wp-content\/uploads\/IMG_3966-150x113.jpeg 150w, https:\/\/www.parkinson.ca\/wp-content\/uploads\/IMG_3966-768x576.jpeg 768w, https:\/\/www.parkinson.ca\/wp-content\/uploads\/IMG_3966-1536x1152.jpeg 1536w, https:\/\/www.parkinson.ca\/wp-content\/uploads\/IMG_3966-100x75.jpeg 100w, https:\/\/www.parkinson.ca\/wp-content\/uploads\/IMG_3966-890x668.jpeg 890w, https:\/\/www.parkinson.ca\/wp-content\/uploads\/IMG_3966-1264x948.jpeg 1264w, https:\/\/www.parkinson.ca\/wp-content\/uploads\/IMG_3966.jpeg 2048w\" sizes=\"auto, (max-width: 300px) 100vw, 300px\" \/><\/p>\n<h3><span class=\"TextRun SCXW170778180 BCX0\" lang=\"FR-CA\" xml:lang=\"FR-CA\" data-contrast=\"auto\"><span class=\"NormalTextRun SCXW170778180 BCX0\">L&rsquo;exercice, les \u0153ufs et la sant\u00e9 du cerveau<\/span><\/span><span class=\"EOP SCXW170778180 BCX0\" data-ccp-props=\"{&quot;201341983&quot;:0,&quot;335559739&quot;:0,&quot;335559740&quot;:259}\">\u00a0<\/span><\/h3>\n<p><span data-contrast=\"auto\">La Grande Randonn\u00e9e de Parkinson Canada souligne l&rsquo;importance de l&rsquo;activit\u00e9 physique dans la gestion de la maladie de Parkinson et envoie un message retentissant de r\u00e9silience. Tout comme le mode de vie actif de sa grand-m\u00e8re a jou\u00e9 un r\u00f4le d\u00e9terminant dans son propre parcours avec la maladie de Parkinson, la Grande Randonn\u00e9e est un hommage vivant \u00e0 l&rsquo;importance de rester actif. Sonya souligne que \u00ab\u202fle fait d&rsquo;\u00eatre actif et de faire de l&rsquo;exercice est important pour faire face \u00e0 la maladie\u202f\u00bb.<\/span><span data-ccp-props=\"{&quot;201341983&quot;:0,&quot;335559739&quot;:160,&quot;335559740&quot;:259}\">\u00a0<\/span><\/p>\n<p><span data-contrast=\"auto\">Sonya a \u00e9galement d\u00e9couvert un lien unique entre l&rsquo;engagement de Burnbrae en mati\u00e8re de sant\u00e9 et la relation entre les \u0153ufs et la sant\u00e9 du cerveau. En effet, sa grand-m\u00e8re faisait des \u0153ufs un \u00e9l\u00e9ment essentiel de son r\u00e9gime alimentaire et de son activit\u00e9 physique.<\/span><\/p>\n<h3><span data-ccp-props=\"{&quot;201341983&quot;:0,&quot;335559739&quot;:0,&quot;335559740&quot;:259}\"><img loading=\"lazy\" decoding=\"async\" class=\"size-medium wp-image-41081 alignright\" src=\"https:\/\/parkinson.ca\/wp-content\/uploads\/\/IMG-6403-225x300.jpg\" alt=\"\" width=\"225\" height=\"300\" srcset=\"https:\/\/www.parkinson.ca\/wp-content\/uploads\/IMG-6403-225x300.jpg 225w, https:\/\/www.parkinson.ca\/wp-content\/uploads\/IMG-6403-525x700.jpg 525w, https:\/\/www.parkinson.ca\/wp-content\/uploads\/IMG-6403-113x150.jpg 113w, https:\/\/www.parkinson.ca\/wp-content\/uploads\/IMG-6403-768x1024.jpg 768w, https:\/\/www.parkinson.ca\/wp-content\/uploads\/IMG-6403-1152x1536.jpg 1152w, https:\/\/www.parkinson.ca\/wp-content\/uploads\/IMG-6403-1536x2048.jpg 1536w, https:\/\/www.parkinson.ca\/wp-content\/uploads\/IMG-6403-100x133.jpg 100w, https:\/\/www.parkinson.ca\/wp-content\/uploads\/IMG-6403-890x1187.jpg 890w, https:\/\/www.parkinson.ca\/wp-content\/uploads\/IMG-6403-1264x1685.jpg 1264w, https:\/\/www.parkinson.ca\/wp-content\/uploads\/IMG-6403-scaled.jpg 1920w\" sizes=\"auto, (max-width: 225px) 100vw, 225px\" \/><\/span><span class=\"TextRun SCXW21477992 BCX0\" lang=\"FR-CA\" xml:lang=\"FR-CA\" data-contrast=\"auto\"><span class=\"NormalTextRun SCXW21477992 BCX0\">Un effort collectif<\/span><\/span><span class=\"EOP SCXW21477992 BCX0\" data-ccp-props=\"{&quot;201341983&quot;:0,&quot;335559739&quot;:0,&quot;335559740&quot;:259}\">\u00a0<\/span><\/h3>\n<p><span class=\"TextRun SCXW120585558 BCX0\" lang=\"FR-CA\" xml:lang=\"FR-CA\" data-contrast=\"auto\"><span class=\"NormalTextRun SCXW120585558 BCX0\">En collaboration avec des coll\u00e8gues, Sonya et l&rsquo;\u00e9quipe de Fermes <\/span><span class=\"NormalTextRun SpellingErrorV2Themed SCXW120585558 BCX0\">Burnbrae<\/span><span class=\"NormalTextRun SCXW120585558 BCX0\"> organisent des \u00e9v\u00e9nements auxquels participent des champions de la responsabilit\u00e9 sociale d&rsquo;entreprise qui mobilisent les employ\u00e9s. Ces b\u00e9n\u00e9voles se sont mobilis\u00e9s pour inspirer les autres et ont organis\u00e9 des \u00e9quipes pour participer \u00e0 la Grande Randonn\u00e9e. En fin de compte, ils se sont engag\u00e9s \u00e0 d\u00e9fendre la cause, \u00e0 collecter des fonds et \u00e0 sensibiliser l&rsquo;opinion publique.<\/span><\/span><span class=\"EOP SCXW120585558 BCX0\" data-ccp-props=\"{&quot;201341983&quot;:0,&quot;335559739&quot;:0,&quot;335559740&quot;:259}\">\u00a0<\/span><\/p>\n<p><img loading=\"lazy\" decoding=\"async\" class=\"size-medium wp-image-41079 alignleft\" src=\"https:\/\/parkinson.ca\/wp-content\/uploads\/\/IMG-6400-225x300.jpg\" alt=\"\" width=\"225\" height=\"300\" srcset=\"https:\/\/www.parkinson.ca\/wp-content\/uploads\/IMG-6400-225x300.jpg 225w, https:\/\/www.parkinson.ca\/wp-content\/uploads\/IMG-6400-525x700.jpg 525w, https:\/\/www.parkinson.ca\/wp-content\/uploads\/IMG-6400-113x150.jpg 113w, https:\/\/www.parkinson.ca\/wp-content\/uploads\/IMG-6400-768x1024.jpg 768w, https:\/\/www.parkinson.ca\/wp-content\/uploads\/IMG-6400-1152x1536.jpg 1152w, https:\/\/www.parkinson.ca\/wp-content\/uploads\/IMG-6400-1536x2048.jpg 1536w, https:\/\/www.parkinson.ca\/wp-content\/uploads\/IMG-6400-100x133.jpg 100w, https:\/\/www.parkinson.ca\/wp-content\/uploads\/IMG-6400-890x1187.jpg 890w, https:\/\/www.parkinson.ca\/wp-content\/uploads\/IMG-6400-1264x1685.jpg 1264w, https:\/\/www.parkinson.ca\/wp-content\/uploads\/IMG-6400-scaled.jpg 1920w\" sizes=\"auto, (max-width: 225px) 100vw, 225px\" \/><\/p>\n<h3><span class=\"TextRun SCXW43881103 BCX0\" lang=\"FR-CA\" xml:lang=\"FR-CA\" data-contrast=\"auto\"><span class=\"NormalTextRun SCXW43881103 BCX0\">Un impact au-del\u00e0 de la collecte de fonds<\/span><\/span><\/h3>\n<p><span data-contrast=\"auto\">La Grande Randonn\u00e9e est plus qu&rsquo;une simple collecte de fonds ; elle favorise l&rsquo;unit\u00e9 entre des individus divers, en les rassemblant pour une cause commune. \u00ab\u202fJ&rsquo;ai beaucoup de bons souvenirs au fil des ans, des coll\u00e8gues dans leurs t-shirts de la Grande Randonn\u00e9e et dans des d\u00e9guisements de poulets. L&rsquo;impact va au-del\u00e0 de l&rsquo;argent collect\u00e9\u202f\u00bb.<\/span><span data-ccp-props=\"{&quot;201341983&quot;:0,&quot;335559739&quot;:160,&quot;335559740&quot;:259}\">\u00a0<\/span><\/p>\n<p><span data-contrast=\"auto\">En regardant vers l&rsquo;avenir, Sonya envisage une collaboration continue entre les individus, les organisations et les partenaires d\u00e9vou\u00e9s tels que Fermes Burnbrae dans la recherche d&rsquo;un rem\u00e8de. Elle aspire \u00e0 soutenir davantage la cause et \u00e0 sensibiliser davantage les employ\u00e9s.\u00a0 Sonya illustre l&rsquo;impact que peuvent avoir les individus lorsqu&rsquo;ils s&rsquo;unissent pour une grande cause : \u00ab\u202fMa grand-m\u00e8re a v\u00e9cu avec la maladie de Parkinson pendant des ann\u00e9es, et elle n&rsquo;a jamais laiss\u00e9 cette maladie prendre le contr\u00f4le de sa vie. Je pense qu&rsquo;il s&rsquo;agit en grande partie d&rsquo;avoir ce soutien et de se concentrer sur la sant\u00e9 mentale. Il ne s&rsquo;agit pas d&rsquo;une condamnation \u00e0 la sinistrose. Il faut \u00eatre motiv\u00e9, les gens autour de vous vous encouragent, et des choses comme la marche sont comme de grandes bouff\u00e9es d&rsquo;encouragement. Cela nous rappelle que nous sommes tous dans le m\u00eame bateau et cela change tout\u202f\u00bb.<\/span><\/p>\n<p><span data-contrast=\"auto\">Pour plus d&rsquo;informations sur l&rsquo;engagement de Fermes Burnbrae envers Parkinson Canada et sur leur partenariat, veuillez consulter le site suivant\u202f:<\/span><a href=\"https:\/\/burnbraefarmsfoodservice.com\/fr\/index.html\"><span data-contrast=\"none\">https:\/\/burnbraefarmsfoodservice.com\/fr\/index.html<\/span><\/a><span data-contrast=\"auto\">\u00a0<\/span><span data-ccp-props=\"{&quot;201341983&quot;:0,&quot;335559739&quot;:0,&quot;335559740&quot;:259}\">\u00a0<\/span><\/p>\n<p><span data-contrast=\"auto\">Rejoignez-nous pour soutenir Sonya et la communaut\u00e9 de la maladie de Parkinson alors que nous continuons \u00e0 sensibiliser et \u00e0 inspirer le changement\u202f: <\/span><a href=\"https:\/\/donate.parkinson.ca\/site\/TR\/SuperWalk2023\/PSC_SuperWalk?team_id=12470&amp;pg=team&amp;fr_id=2871&amp;s_locale=fr_CA\"><span data-contrast=\"none\">https:\/\/donate.parkinson.ca\/site\/TR\/SuperWalk2023\/PSC_SuperWalk?team_id=12470&amp;pg=team&amp;fr_id=2871&amp;s_locale=fr_CA<\/span><\/a><span data-contrast=\"auto\">\u00a0<\/span><span data-ccp-props=\"{&quot;201341983&quot;:0,&quot;335559739&quot;:160,&quot;335559740&quot;:259}\">\u00a0<\/span><\/p>\n<p><span data-contrast=\"auto\">Pour trouver une Grande Randonn\u00e9e dans votre r\u00e9gion et vous inscrire, rendez-vous sur le site : <\/span><a href=\"https:\/\/donate.parkinson.ca\/site\/SPageServer?pagename=SW_2023_register\"><span data-contrast=\"none\">https:\/\/donate.parkinson.ca\/site\/SPageServer?pagename=SW_2023_register<\/span><\/a><span data-ccp-props=\"{&quot;201341983&quot;:0,&quot;335559739&quot;:160,&quot;335559740&quot;:259}\">\u00a0<\/span><\/p>\n","protected":false},"excerpt":{"rendered":"<p>Sonya Fiorini, directrice du d\u00e9veloppement durable et de l&rsquo;investissement communautaire chez Fermes Burnbrae et directrice ex\u00e9cutive de la Fondation Fermes Burnbrae, poss\u00e8de une histoire qui en dit long. Son lien avec la maladie de Parkinson n&rsquo;est pas seulement personnel ; il t\u00e9moigne de son d\u00e9vouement \u00e0 la sensibilisation et au soutien de la communaut\u00e9 de [&hellip;]<\/p>\n","protected":false},"author":107,"featured_media":41098,"comment_status":"closed","ping_status":"closed","sticky":false,"template":"","format":"standard","meta":{"_acf_changed":false,"footnotes":""},"categories":[237,249],"tags":[],"audience":[],"class_list":["post-41096","post","type-post","status-publish","format-standard","has-post-thumbnail","hentry","category-blogue-fr","category-la-communaute-parkinson"],"acf":[],"aioseo_notices":[],"_links":{"self":[{"href":"https:\/\/www.parkinson.ca\/fr\/wp-json\/wp\/v2\/posts\/41096","targetHints":{"allow":["GET"]}}],"collection":[{"href":"https:\/\/www.parkinson.ca\/fr\/wp-json\/wp\/v2\/posts"}],"about":[{"href":"https:\/\/www.parkinson.ca\/fr\/wp-json\/wp\/v2\/types\/post"}],"author":[{"embeddable":true,"href":"https:\/\/www.parkinson.ca\/fr\/wp-json\/wp\/v2\/users\/107"}],"replies":[{"embeddable":true,"href":"https:\/\/www.parkinson.ca\/fr\/wp-json\/wp\/v2\/comments?post=41096"}],"version-history":[{"count":0,"href":"https:\/\/www.parkinson.ca\/fr\/wp-json\/wp\/v2\/posts\/41096\/revisions"}],"wp:featuredmedia":[{"embeddable":true,"href":"https:\/\/www.parkinson.ca\/fr\/wp-json\/wp\/v2\/media\/41098"}],"wp:attachment":[{"href":"https:\/\/www.parkinson.ca\/fr\/wp-json\/wp\/v2\/media?parent=41096"}],"wp:term":[{"taxonomy":"category","embeddable":true,"href":"https:\/\/www.parkinson.ca\/fr\/wp-json\/wp\/v2\/categories?post=41096"},{"taxonomy":"post_tag","embeddable":true,"href":"https:\/\/www.parkinson.ca\/fr\/wp-json\/wp\/v2\/tags?post=41096"},{"taxonomy":"audience","embeddable":true,"href":"https:\/\/www.parkinson.ca\/fr\/wp-json\/wp\/v2\/audience?post=41096"}],"curies":[{"name":"wp","href":"https:\/\/api.w.org\/{rel}","templated":true}]}}