{"id":33481,"date":"2021-04-20T17:05:54","date_gmt":"2021-04-20T17:05:54","guid":{"rendered":"https:\/\/lactualiteparkinson.com\/?p=2985"},"modified":"2022-02-01T16:55:48","modified_gmt":"2022-02-01T21:55:48","slug":"je-crois-quil-pensait-que-je-me-faisais-des-idees-le-combat-dun-jeune-homme-pour-confirmer-son-diagnostic-de-la-maladie-de-parkinson","status":"publish","type":"post","link":"https:\/\/www.parkinson.ca\/fr\/je-crois-quil-pensait-que-je-me-faisais-des-idees-le-combat-dun-jeune-homme-pour-confirmer-son-diagnostic-de-la-maladie-de-parkinson\/","title":{"rendered":"Je crois qu\u2019il pensait que je me faisais des id\u00e9es&#8230; Le combat d\u2019un jeune homme pour confirmer son diagnostic de la maladie de Parkinson"},"content":{"rendered":"\r\n<figure class=\"wp-block-image size-large is-resized\"><img loading=\"lazy\" decoding=\"async\" src=\"https:\/\/lactualiteparkinson.com\/wp-content\/uploads\/bryce-perry-2021-04.jpg\" alt=\"\" class=\"wp-image-3004\" width=\"780\" height=\"496\"\/><\/figure>\r\n\r\n\r\n\r\n<p>La grand-m\u00e8re de Bryce Perry est d\u00e9c\u00e9d\u00e9e juste avant son 40<sup>e<\/sup>\u202fanniversaire. Elle avait 83 ans et avait re\u00e7u un diagnostic de maladie de Parkinson 10 ans plus t\u00f4t. Il connaissait donc bien la maladie. Lorsque sa main a commenc\u00e9 \u00e0 trembler de mani\u00e8re notable six mois plus tard, il a imm\u00e9diatement pens\u00e9 \u00e0 la maladie de Parkinson.&nbsp;<em>Est-ce&nbsp;possible?,<\/em>&nbsp;s\u2019est-il demand\u00e9, avant de rel\u00e9guer cette pens\u00e9e dans un coin de sa t\u00eate et d\u2019esp\u00e9rer qu\u2019elle disparaisse.&nbsp;&nbsp;<\/p>\r\n\r\n\r\n\r\n<p>Apr\u00e8s deux ans, il ne lui \u00e9tait plus possible d\u2019ignorer les tremblements et autres probl\u00e8mes dont il souffrait. Il a pris rendez-vous avec son m\u00e9decin de famille pour en discuter. Lors de ce premier rendez-vous, il a discut\u00e9 de ses sympt\u00f4mes avec son m\u00e9decin de famille et a \u00e9t\u00e9 orient\u00e9 vers diff\u00e9rents sp\u00e9cialistes pour examiner chacun de ses probl\u00e8mes. Apr\u00e8s avoir exclu le syndrome du canal carpien, qui est une pathologie courante chez les hommes jeunes qui travaillent, et apr\u00e8s avoir pass\u00e9 une IRM, un scanner et divers autres tests, il a finalement \u00e9t\u00e9 orient\u00e9 vers un neurologue.&nbsp;&nbsp;<\/p>\r\n\r\n\r\n\r\n<p>\u00ab\u202f\u00c0 ce stade, ma vie n\u2019\u00e9tait pas encore vraiment affect\u00e9e. Ce n\u2019\u00e9tait pas grand-chose, mais je voulais pouvoir poser un nom sur ce que j\u2019avais\u202f\u00bb, se souvient-il alors qu\u2019il se pr\u00e9pare \u00e0 rencontrer son neurologue. \u00c9tant donn\u00e9 qu\u2019il conna\u00eet bien la maladie de Parkinson, Bryce est revenu sur la premi\u00e8re id\u00e9e qu\u2019il a eue lorsque le tremblement est apparu et, lors de ce rendez-vous, a demand\u00e9 au m\u00e9decin s\u2019il pouvait s\u2019agir de la maladie de Parkinson.&nbsp;<\/p>\r\n\r\n\r\n\r\n<p>Le m\u00e9decin a expliqu\u00e9 que ce n\u2019\u00e9tait pas parce que Michael J. Fox avait \u00e9t\u00e9 diagnostiqu\u00e9 de la maladie&nbsp;de&nbsp;Parkinson que tous les jeunes hommes pr\u00e9sentant des sympt\u00f4mes similaires en \u00e9taient \u00e9galement atteints, et apr\u00e8s avoir \u00e9cart\u00e9 l\u2019h\u00e9r\u00e9dit\u00e9 comme facteur, Bryce a quitt\u00e9 le rendez-vous sans diagnostic. \u00ab\u202fJe crois qu\u2019il pensait que je me faisais des id\u00e9es\u202f\u00bb, dit-il en repensant \u00e0 la discussion.&nbsp;<\/p>\r\n\r\n\r\n\r\n<p>Apr\u00e8s ce rendez-vous, c\u2019est peut-\u00eatre ce que Bryce pensait aussi. Il a fallu un certain temps et l\u2019apparition de nouveaux sympt\u00f4mes (syndrome des jambes sans repos au milieu de la nuit, impression d\u2019avoir trois fois son \u00e2ge lorsqu\u2019il devait sortir de son lit le matin) pour qu\u2019il retourne enfin chez son m\u00e9decin de famille. Ne comprenant pas ce qui lui arrivait, Bryce s\u2019est senti d\u00e9muni et a failli ne pas chercher \u00e0 obtenir un diagnostic. Apr\u00e8s avoir \u00e9t\u00e9 orient\u00e9, cette fois vers un sp\u00e9cialiste des troubles du mouvement bas\u00e9 \u00e0 Winnipeg, il a pass\u00e9 dix minutes avec un nouveau m\u00e9decin avant que celui-ci ne lui annonce qu\u2019il avait la maladie de Parkinson.&nbsp;<\/p>\r\n\r\n\r\n\r\n<p>Imm\u00e9diatement, Bryce a ressenti un \u00e9trange m\u00e9lange de soulagement et de validation avant de se dire, comme beaucoup, \u00ab\u202fok&#8230;qu\u2019est-ce que je fais maintenant?\u202f\u00bb.&nbsp;<\/p>\r\n\r\n\r\n\r\n<p>Il a commenc\u00e9 un traitement imm\u00e9diatement, mais admet qu\u2019il lui a fallu plus de cinq ans pour accepter son diagnostic et ne plus avoir le sentiment que son avenir \u00e9tait limit\u00e9. Ce diagnostic a \u00e9t\u00e9 difficile \u00e0 accepter pour cet homme, conf\u00e9rencier professionnel&nbsp;<em>qui voyait toujours le bon c\u00f4t\u00e9 de choses<\/em>.<em>&nbsp;<\/em>Finalement, il s\u2019est rendu compte apr\u00e8s cinq ans, que m\u00eame si ses sympt\u00f4mes avaient progress\u00e9, il pouvait vivre avec la maladie. C\u2019est \u00e0 ce moment-l\u00e0 que Bryce a d\u00e9cid\u00e9 de \u00ab\u202freprendre sa vie en main\u202f\u00bb. Il a recommenc\u00e9 \u00e0 parler, a repris contact avec son r\u00e9seau et a commenc\u00e9 \u00e0 partager son exp\u00e9rience de la maladie de Parkinson.&nbsp;<\/p>\r\n\r\n\r\n\r\n<p>En 2018, il a organis\u00e9 un tournoi de golf au profit de Parkinson Canada. Dans son discours de cl\u00f4ture, il avait pr\u00e9vu de parler de l\u2019exp\u00e9rience de sa grand-m\u00e8re, et n\u2019\u00e9tait pas s\u00fbr de vouloir r\u00e9v\u00e9ler le lien qu\u2019il avait lui-m\u00eame avec la maladie. Il avait pr\u00e9par\u00e9 un discours qui s\u2019est envol\u00e9 lorsqu\u2019il s\u2019est retrouv\u00e9 devant le public.&nbsp;<\/p>\r\n\r\n\r\n\r\n<p>\u00ab&nbsp;J\u2019ai laiss\u00e9 tomber mon discours. J\u2019ai d\u00e9cid\u00e9 \u00e0 ce moment-l\u00e0 que je voulais en parler, que je ne voulais plus le cacher. J\u2019ai d\u00e9clar\u00e9 \u201cvoici ce que la maladie de Parkinson signifie pour moi\u2026 parce que j\u2019ai la maladie de Parkinson\u201d. Et c\u2019\u00e9tait g\u00e9nial. Il y avait 300&nbsp;personnes l\u00e0-bas, et chacune d\u2019entre elles est venue me parler pour me remercier de mon courage, me faire part de leur lien avec la maladie de Parkinson et me manifester son appui. Avec le recul, j\u2019aurais aim\u00e9 le faire plus t\u00f4t.&nbsp;\u00bb<\/p>\r\n\r\n\r\n\r\n<p>Si&nbsp;toutes les r\u00e9v\u00e9lations ne sont pas positives, Bryce, comme beaucoup d\u2019autres avant lui, a r\u00e9alis\u00e9 \u00e0 ce moment-l\u00e0 que ce dont il avait peur n\u2019\u00e9tait pas la r\u00e9alit\u00e9 qu\u2019il vivait au quotidien, et une communaut\u00e9 de soutien s\u2019est rapidement form\u00e9e autour de lui pour l\u2019aider \u00e0 vivre avec la maladie de Parkinson.&nbsp;<\/p>\r\n\r\n\r\n\r\n<p>Aujourd\u2019hui, il reprend sa tourn\u00e9e de conf\u00e9rences et a lanc\u00e9 une nouvelle cha\u00eene&nbsp;YouTube intitul\u00e9e&nbsp;<a href=\"https:\/\/www.youtube.com\/channel\/UCovLIEXUM5XKfUk8c8vbQzw\" target=\"_blank\" rel=\"noreferrer noopener\"><em>Doing<\/em><em>&nbsp;Life&nbsp;<\/em><em>Today<\/em><\/a>, qui comprend une vid\u00e9o \u00e9mouvante dans laquelle il parle du jour o\u00f9 il a \u00e9t\u00e9 diagnostiqu\u00e9. Parler de son exp\u00e9rience aide Bryce \u00e0 mettre sa maladie de Parkinson en perspective, et il esp\u00e8re que cela aidera d\u2019autres personnes. Il esp\u00e8re que parler ouvertement des difficult\u00e9s qu\u2019il a rencontr\u00e9es pour recevoir un diagnostic et de la longue p\u00e9riode sombre qu\u2019il a travers\u00e9e apr\u00e8s avoir \u00e9t\u00e9 diagnostiqu\u00e9 permettra de changer les choses pour les autres.&nbsp;<\/p>\r\n\r\n\r\n\r\n<figure class=\"wp-block-embed-youtube wp-block-embed is-type-rich is-provider-embed-handler wp-embed-aspect-16-9 wp-has-aspect-ratio\"><div class=\"wp-block-embed__wrapper\">\r\n<iframe loading=\"lazy\" title=\"My Life with Parkinsons Disease | My Story YOPD\" width=\"500\" height=\"281\" src=\"https:\/\/www.youtube.com\/embed\/6tmRyIUcHIA?feature=oembed\" frameborder=\"0\" allow=\"accelerometer; autoplay; clipboard-write; encrypted-media; gyroscope; picture-in-picture; web-share\" referrerpolicy=\"strict-origin-when-cross-origin\" allowfullscreen><\/iframe>\r\n<\/div><figcaption>Video en Anglais.<\/figcaption><\/figure>\r\n\r\n\r\n\r\n<p><strong>Note de l\u2019\u00e9diteur\u202f:&nbsp;<\/strong><\/p>\r\n\r\n\r\n\r\n<p>L\u2019histoire de Bryce est plus courante qu\u2019on ne le croit. La r\u00e9alit\u00e9, c\u2019est que le pr\u00e9jug\u00e9 courant selon lequel la maladie de Parkinson ne touche que les personnes \u00e2g\u00e9es&nbsp;peut&nbsp;\u00e9galement affecter les professionnels de la sant\u00e9. C\u2019est pourquoi nous avons ax\u00e9 la conversation ce mois-ci sur l\u2019am\u00e9lioration des options de diagnostic et la r\u00e9duction des temps d\u2019attente pour acc\u00e9der \u00e0 des sp\u00e9cialistes qualifi\u00e9s dans tout le pays.&nbsp;<\/p>\r\n","protected":false},"excerpt":{"rendered":"<p>La grand-m\u00e8re de Bryce Perry est d\u00e9c\u00e9d\u00e9e juste avant son 40e\u202fanniversaire. Elle avait 83 ans et avait re\u00e7u un diagnostic de maladie de Parkinson 10 ans plus t\u00f4t. Il connaissait donc bien la maladie. Lorsque sa main a commenc\u00e9 \u00e0 trembler de mani\u00e8re notable six mois plus tard, il a imm\u00e9diatement pens\u00e9 \u00e0 la maladie [&hellip;]<\/p>\n","protected":false},"author":37,"featured_media":35400,"comment_status":"closed","ping_status":"closed","sticky":false,"template":"","format":"standard","meta":{"_acf_changed":false,"footnotes":""},"categories":[237,249],"tags":[],"audience":[],"class_list":["post-33481","post","type-post","status-publish","format-standard","has-post-thumbnail","hentry","category-blogue-fr","category-la-communaute-parkinson"],"acf":[],"aioseo_notices":[],"_links":{"self":[{"href":"https:\/\/www.parkinson.ca\/fr\/wp-json\/wp\/v2\/posts\/33481","targetHints":{"allow":["GET"]}}],"collection":[{"href":"https:\/\/www.parkinson.ca\/fr\/wp-json\/wp\/v2\/posts"}],"about":[{"href":"https:\/\/www.parkinson.ca\/fr\/wp-json\/wp\/v2\/types\/post"}],"author":[{"embeddable":true,"href":"https:\/\/www.parkinson.ca\/fr\/wp-json\/wp\/v2\/users\/37"}],"replies":[{"embeddable":true,"href":"https:\/\/www.parkinson.ca\/fr\/wp-json\/wp\/v2\/comments?post=33481"}],"version-history":[{"count":0,"href":"https:\/\/www.parkinson.ca\/fr\/wp-json\/wp\/v2\/posts\/33481\/revisions"}],"wp:featuredmedia":[{"embeddable":true,"href":"https:\/\/www.parkinson.ca\/fr\/wp-json\/wp\/v2\/media\/35400"}],"wp:attachment":[{"href":"https:\/\/www.parkinson.ca\/fr\/wp-json\/wp\/v2\/media?parent=33481"}],"wp:term":[{"taxonomy":"category","embeddable":true,"href":"https:\/\/www.parkinson.ca\/fr\/wp-json\/wp\/v2\/categories?post=33481"},{"taxonomy":"post_tag","embeddable":true,"href":"https:\/\/www.parkinson.ca\/fr\/wp-json\/wp\/v2\/tags?post=33481"},{"taxonomy":"audience","embeddable":true,"href":"https:\/\/www.parkinson.ca\/fr\/wp-json\/wp\/v2\/audience?post=33481"}],"curies":[{"name":"wp","href":"https:\/\/api.w.org\/{rel}","templated":true}]}}