{"id":31320,"date":"2021-06-03T09:30:02","date_gmt":"2021-06-03T09:30:02","guid":{"rendered":"http:\/\/parkinson-export.local\/sengager-dans-la-grande-randonnee-de-parkinson-canada-a-fait-partie-de-la-guerison-de-blake-bell\/"},"modified":"2021-06-11T10:01:50","modified_gmt":"2021-06-11T14:01:50","slug":"sengager-dans-la-grande-randonnee-de-parkinson-canada-a-fait-partie-de-la-guerison-de-blake-bell","status":"publish","type":"post","link":"https:\/\/www.parkinson.ca\/fr\/sengager-dans-la-grande-randonnee-de-parkinson-canada-a-fait-partie-de-la-guerison-de-blake-bell\/","title":{"rendered":"S\u2019engager dans la Grande Randonn\u00e9e de Parkinson Canada a fait partie de la gu\u00e9rison de Blake Bell"},"content":{"rendered":"<p>Blake Bell a \u00e9t\u00e9 diagnostiqu\u00e9 avec la maladie de Parkinson \u00e0 l\u2019\u00e2ge de 49 ans. Il se souvient que son neurologue a pris trois minutes pour l\u2019examiner, puis a prononc\u00e9 les mots qui ont boulevers\u00e9 son univers: \u00abJe suis d\u00e9sol\u00e9 de vous apprendre que vous avez la maladie de Parkinson.\u00bb<\/p>\n<p>\u00abApr\u00e8s le choc du diagnostic, je vivais dans le d\u00e9ni\u00bb, a mentionn\u00e9 Blake. \u00abJe tentais de cacher la maladie, et j\u2019essayais tr\u00e8s fort de ne pas y penser. J\u2019en ai parl\u00e9 \u00e0 personne, sauf \u00e0 ma famille proche.\u00bb Il lui a fallu des ann\u00e9es pour \u00eatre pr\u00eat \u00e0 parler de son diagnostic et pour commencer \u00e0 le g\u00e9rer la t\u00eate haute.<\/p>\n<p>Cet \u00e9tat d\u2019incertitude, de chagrin, d\u2019apathie ou de toute autre \u00e9motion n\u2019est pas rare. Pour certains, le diagnostic de la maladie du Parkinson apporte un sentiment de soulagement. Pour eux, il s\u2019agit finalement de recevoir une explication et de donner un nom \u00e0 ce qu\u2019ils vivent. Pour d\u2019autres, le diagnostic soul\u00e8ve plus de questionnements que de r\u00e9ponses. Recevoir un diagnostic de la maladie de Parkinson peut \u00eatre tr\u00e8s difficile \u00e0 accepter. Le message de Blake s\u2019adresse \u00e0 tous ceux qui ont connu cette courte introduction \u00e0 la maladie: quels que soient les sentiments que vous \u00e9prouvez face \u00e0 votre nouveau diagnostic, il est important de savoir que vous n\u2019\u00eates pas seul.<\/p>\n<aside class=\"aside--indented-icon aside--related-info\">Vous venez d&rsquo;apprendre que vous \u00eates atteint de la maladie de Parkinson? D\u00e9couvrez <a href=\"https:\/\/parkinson.ca\/about-parkinsons\/newly-diagnosed-with-parkinsons\/\">comment nous pouvons vous aider<\/a>.<\/aside>\n<h2>Comment la Grande Randonn\u00e9e Parkinson Canada a aid\u00e9 Blake \u00e0 s&rsquo;adapter \u00e0 son diagnostic<\/h2>\n<p>Blake, Parkinson Canada et de nombreuses personnes qui comprennent maintenant l\u2019importance de s\u2019engager activement avec un diagnostic partagent un objectif commun: r\u00e9duire le temps n\u00e9cessaire \u00e0 une personne pour passer par le processus naturel d\u2019adaptation au diagnostic et commencer \u00e0 se concentrer sur le fait de bien vivre avec la maladie de Parkinson.<\/p>\n<p>Pour Blake, le moment d\u00e9cisif s\u2019est produit apr\u00e8s avoir consult\u00e9 des ressources de soutien et avoir d\u00e9couvert la Grande Randonn\u00e9e de Parkinson Canada. \u00abJe me suis inscrit et j\u2019ai utilis\u00e9 cette marche pour m\u2019ouvrir aux autres. J\u2019ai fait part de mon histoire sur les m\u00e9dias sociaux et j\u2019ai \u00e9t\u00e9 stup\u00e9fait par tout le soutien que j\u2019ai re\u00e7u,\u00bb raconte Blake. \u00abCe fut un soulagement \u00e9norme d\u2019enfin annoncer \u00e0 mes amis et \u00e0 mes coll\u00e8gues que j\u2019avais la maladie de Parkinson. C\u2019\u00e9tait comme si un poids de mille livres avait \u00e9t\u00e9 retir\u00e9 de ma poitrine. Et surtout, je me suis senti tr\u00e8s bien de faire quelque chose de significatif qui, en fin de compte, aiderait des personnes comme moi qui vivent avec la maladie de Parkinson.\u00bb<\/p>\n<p>Blake, le \u00abh\u00e9ros national\u00bb de la Grande Randonn\u00e9e <time datetime=\"2016\">2016<\/time> de Parkinson Canada, a transmis son message au-del\u00e0 de son r\u00e9seau et a \u00e9t\u00e9 une nouvelle fois boulevers\u00e9 par la r\u00e9action caus\u00e9e par son histoire. Aujourd\u2019hui, il encourage activement les gens \u00e0 participer \u00e0 nouveau. Ayant particip\u00e9 \u00e0 une nouvelle s\u00e9rie de vid\u00e9os qui illustrent le v\u00e9ritable esprit de la marche, il m\u00e8nera une campagne visant \u00e0 aider les capitaines d\u2019\u00e9quipe \u00e0 donner un sens \u00e0 la marche pour leur famille, pour leurs amis, et surtout, pour la personne atteinte de la maladie de Parkinson.<\/p>\n<figure class=\"bot-mar-1em wp-caption\"><iframe loading=\"lazy\" title=\"SuperWalk 2021 Launch Video\" width=\"500\" height=\"281\" src=\"https:\/\/www.youtube.com\/embed\/6sxSM4cCRaQ?feature=oembed\" frameborder=\"0\" allow=\"accelerometer; autoplay; clipboard-write; encrypted-media; gyroscope; picture-in-picture; web-share\" referrerpolicy=\"strict-origin-when-cross-origin\" allowfullscreen><\/iframe><figcaption class=\"wp-caption-text\">\u00catre accueilli au sein d&rsquo;une communaut\u00e9 soud\u00e9e tout en recueillant des fonds pour la recherche sur la maladie de Parkinson, voil\u00e0 seulement quelques-unes des raisons pour lesquelles vous devriez participer \u00e0 <a href=\"https:\/\/donate.parkinson.ca\/site\/SPageNavigator\/SuperWalk\/Home?s_locale=fr_CA&#038;s_src=Website&#038;s_subsrc=BlakeBell-SuperWalk2021VideoFR\">la Grande Randonn\u00e9e Parkinson Canada<\/a>.<\/figcaption><\/figure>\n<p>\u00abJ\u2019ai d\u00e9j\u00e0 \u00e9t\u00e9 superviseur pour des projets de construction majeurs. J\u2019\u00e9tais responsable de chaque partie du projet et j\u2019adorais cela. Puis vint le jour o\u00f9 j\u2019ai d\u00fb abandonner. La maladie de Parkinson m\u2019a finalement enlev\u00e9 mon travail. Mais, il y a tant de bonnes choses dans ma vie. Je fais de l\u2019exercice et cela maintient mon corps en bonne sant\u00e9 la plupart du temps. Ma femme est mon rocher. Mes deux fils d\u2019\u00e2ge adulte m\u2019appellent tr\u00e8s souvent. Et puis, il y a mon petit-fils de cinq ans, la prunelle de mes yeux. Lorsque je tremble, il me soutient en prenant ma main avec sa petite main. Aussi, j\u2019ai toute la communaut\u00e9 de soutien que j\u2019ai b\u00e2tie gr\u00e2ce \u00e0 Parkinson Canada et \u00e0 la Grande Randonn\u00e9e.\u00bb<\/p>\n<h2>Comment participer \u00e0 la Grande Randonn\u00e9e Parkinson Canada peut vous aider<\/h2>\n<div id=\"attachment_31152\" style=\"width: 790px\" class=\"wp-caption aligncenter\"><img loading=\"lazy\" decoding=\"async\" aria-describedby=\"caption-attachment-31152\" src=\"https:\/\/parkinson.ca\/wp-content\/uploads\/superwalk-06-2021_01.jpg\" alt=\"\" width=\"780\" height=\"439\" class=\"size-full wp-image-31152\" srcset=\"https:\/\/www.parkinson.ca\/wp-content\/uploads\/superwalk-06-2021_01.jpg 780w, https:\/\/www.parkinson.ca\/wp-content\/uploads\/superwalk-06-2021_01-300x169.jpg 300w, https:\/\/www.parkinson.ca\/wp-content\/uploads\/superwalk-06-2021_01-700x394.jpg 700w, https:\/\/www.parkinson.ca\/wp-content\/uploads\/superwalk-06-2021_01-150x84.jpg 150w, https:\/\/www.parkinson.ca\/wp-content\/uploads\/superwalk-06-2021_01-768x432.jpg 768w, https:\/\/www.parkinson.ca\/wp-content\/uploads\/superwalk-06-2021_01-100x56.jpg 100w\" sizes=\"auto, (max-width: 780px) 100vw, 780px\" \/><p id=\"caption-attachment-31152\" class=\"wp-caption-text\">Marchez ou courez lors de l\u2019\u00e9dition 2021 de la Grande Randonn\u00e9e Parkinson Canada. Des options virtuelles sont \u00e9galement disponibles.<\/p><\/div>\n<p>Le message de Blake aux familles qui se trouvent dans une situation similaire \u00e0 la sienne est simple. Joignez-le. Joignez-vous \u00e0 lui pour jouer un r\u00f4le actif dans la gestion de la maladie de Parkinson ainsi que pour soutenir les personnes de votre entourage qui s\u2019adaptent \u00e0 leur diagnostic, et joignez-vous \u00e0 lui pour soutenir Parkinson Canada. Votre soutien alimente la recherche pour trouver de meilleurs traitements et possiblement un rem\u00e8de. Il permet \u00e9galement de cr\u00e9er une communaut\u00e9 d\u2019espoir et de compr\u00e9hension pour les 100 000 Canadiens qui vivent actuellement avec la maladie de Parkinson et les 25 personnes qui entendront \u00abVous avez la maladie de Parkinson\u00bb demain.<\/p>\n<p>Cette ann\u00e9e, la randonn\u00e9e nationale aura lieu dans votre communaut\u00e9. En effet, vous marcherez \u00e0 votre fa\u00e7on en vous servant des outils num\u00e9riques et physiques de la \u00abGrande Randonn\u00e9e dans une bo\u00eete\u00bb, qui sont con\u00e7us pour garantir une exp\u00e9rience personnalis\u00e9e, amusante et m\u00e9morable. Blake sera pr\u00e9sent pour encourager les participants et pour conseiller les capitaines afin de leur montrer comment rendre cette marche significative en chemin.<\/p>\n<p><a href=\"https:\/\/donate.parkinson.ca\/site\/SPageNavigator\/SuperWalk\/Home?s_locale=fr_CA&#038;s_src=Website&#038;s_subsrc=BlakeBell-SuperWalk2021VideoBtnFR\" class=\"park-red-btn\">Enregistrez-vous aujourd\u2019hui au www.superwalk.ca<\/a><\/p>\n","protected":false},"excerpt":{"rendered":"<p>Blake Bell a \u00e9t\u00e9 diagnostiqu\u00e9 avec la maladie de Parkinson \u00e0 l\u2019\u00e2ge de 49 ans. Il se souvient que son neurologue a pris trois minutes pour l\u2019examiner, puis a prononc\u00e9 les mots qui ont boulevers\u00e9 son univers: \u00abJe suis d\u00e9sol\u00e9 de vous apprendre que vous avez la maladie de Parkinson.\u00bb \u00abApr\u00e8s le choc du diagnostic, [&hellip;]<\/p>\n","protected":false},"author":107,"featured_media":31150,"comment_status":"closed","ping_status":"closed","sticky":false,"template":"","format":"standard","meta":{"_acf_changed":false,"footnotes":""},"categories":[64],"tags":[],"audience":[],"class_list":["post-31320","post","type-post","status-publish","format-standard","has-post-thumbnail","hentry","category-actualites"],"acf":[],"aioseo_notices":[],"_links":{"self":[{"href":"https:\/\/www.parkinson.ca\/fr\/wp-json\/wp\/v2\/posts\/31320","targetHints":{"allow":["GET"]}}],"collection":[{"href":"https:\/\/www.parkinson.ca\/fr\/wp-json\/wp\/v2\/posts"}],"about":[{"href":"https:\/\/www.parkinson.ca\/fr\/wp-json\/wp\/v2\/types\/post"}],"author":[{"embeddable":true,"href":"https:\/\/www.parkinson.ca\/fr\/wp-json\/wp\/v2\/users\/107"}],"replies":[{"embeddable":true,"href":"https:\/\/www.parkinson.ca\/fr\/wp-json\/wp\/v2\/comments?post=31320"}],"version-history":[{"count":0,"href":"https:\/\/www.parkinson.ca\/fr\/wp-json\/wp\/v2\/posts\/31320\/revisions"}],"wp:featuredmedia":[{"embeddable":true,"href":"https:\/\/www.parkinson.ca\/fr\/wp-json\/wp\/v2\/media\/31150"}],"wp:attachment":[{"href":"https:\/\/www.parkinson.ca\/fr\/wp-json\/wp\/v2\/media?parent=31320"}],"wp:term":[{"taxonomy":"category","embeddable":true,"href":"https:\/\/www.parkinson.ca\/fr\/wp-json\/wp\/v2\/categories?post=31320"},{"taxonomy":"post_tag","embeddable":true,"href":"https:\/\/www.parkinson.ca\/fr\/wp-json\/wp\/v2\/tags?post=31320"},{"taxonomy":"audience","embeddable":true,"href":"https:\/\/www.parkinson.ca\/fr\/wp-json\/wp\/v2\/audience?post=31320"}],"curies":[{"name":"wp","href":"https:\/\/api.w.org\/{rel}","templated":true}]}}